{"id":259613,"date":"2025-06-10T17:02:37","date_gmt":"2025-06-10T22:02:37","guid":{"rendered":"https:\/\/ugel04.gob.pe\/home\/?p=259613"},"modified":"2025-06-10T17:29:04","modified_gmt":"2025-06-10T22:29:04","slug":"culmina-con-exito-ciclo-formativo-sobre-implementacion-de-apoyos-educativos-con-equipos-saei","status":"publish","type":"post","link":"https:\/\/ugel04.gob.pe\/home\/culmina-con-exito-ciclo-formativo-sobre-implementacion-de-apoyos-educativos-con-equipos-saei\/","title":{"rendered":"CULMINA CON \u00c9XITO CICLO DE FORTALECIMIENTO EN EDUCACI\u00d3N INCLUSIVA A LOS EQUIPO DEL SAEI"},"content":{"rendered":"\n[et_pb_section fb_built=\u00bb1&#8243; _builder_version=\u00bb4.27.4&#8243; _module_preset=\u00bbdefault\u00bb da_disable_devices=\u00bboff|off|off\u00bb global_colors_info=\u00bb{}\u00bb da_is_popup=\u00bboff\u00bb da_exit_intent=\u00bboff\u00bb da_has_close=\u00bbon\u00bb da_alt_close=\u00bboff\u00bb da_dark_close=\u00bboff\u00bb da_not_modal=\u00bbon\u00bb da_is_singular=\u00bboff\u00bb da_with_loader=\u00bboff\u00bb da_has_shadow=\u00bbon\u00bb][et_pb_row _builder_version=\u00bb4.27.4&#8243; _module_preset=\u00bbdefault\u00bb global_colors_info=\u00bb{}\u00bb][et_pb_column type=\u00bb4_4&#8243; _builder_version=\u00bb4.27.4&#8243; _module_preset=\u00bbdefault\u00bb global_colors_info=\u00bb{}\u00bb][et_pb_text _builder_version=\u00bb4.27.4&#8243; _module_preset=\u00bbdefault\u00bb global_colors_info=\u00bb{}\u00bb]<p><strong>La UGEL 04 desarroll\u00f3 la quinta y \u00faltima sesi\u00f3n del ciclo formativo dirigido a los equipos del Servicio de Apoyo Educativo Interno (SAEI) de las instituciones educativas de los niveles de inicial, primaria y secundaria de la Educaci\u00f3n B\u00e1sica Regular, con el prop\u00f3sito de fortalecer la implementaci\u00f3n de apoyos educativos y consolidar una educaci\u00f3n inclusiva en el \u00e1mbito institucional.<\/strong><\/p>\n<p>Este proceso formativo se llev\u00f3 a cabo de manera progresiva en cinco sesiones presenciales, abordando temas fundamentales como el enfoque de educaci\u00f3n inclusiva, la implementaci\u00f3n del SAEI, procesos de sensibilizaci\u00f3n en la comunidad educativa, identificaci\u00f3n de barreras para el aprendizaje y el desarrollo, y estrategias para la aplicaci\u00f3n efectiva de apoyos educativos en el aula, cerrando con una jornada final centrada en la articulaci\u00f3n de recursos y orientaciones clave para una implementaci\u00f3n sostenible.<\/p>\n<p>La sesi\u00f3n de cierre se realiz\u00f3 en el auditorio de la Universidad C\u00e9sar Vallejo (UCV), donde participaron activamente los equipos SAEI conformados en cada instituci\u00f3n educativa junto con especialistas que brindan acompa\u00f1amiento t\u00e9cnico, reafirmando el compromiso conjunto de promover pr\u00e1cticas inclusivas, orientar a los docentes y garantizar una atenci\u00f3n oportuna a todos los estudiantes, en favor de una educaci\u00f3n m\u00e1s justa, accesible y equitativa.<\/p>\n<p>A fin de asegurar la participaci\u00f3n plena de todos los equipos SAEI y en atenci\u00f3n a las dificultades presentadas por algunos integrantes para asistir a las jornadas presenciales, la UGEL 04 ha previsto una segunda convocatoria que se desarrollar\u00e1 en modalidad virtual. Esta medida tiene como objetivo garantizar el cumplimiento integral del proceso de fortalecimiento en educaci\u00f3n inclusiva, promoviendo el acceso equitativo a los contenidos formativos y asegurando la consolidaci\u00f3n de pr\u00e1cticas inclusivas en todas las instituciones educativas de la jurisdicci\u00f3n.<\/p>[\/et_pb_text][\/et_pb_column][\/et_pb_row][\/et_pb_section]\n","protected":false},"excerpt":{"rendered":"<p>La UGEL 04 desarroll\u00f3 la quinta y \u00faltima sesi\u00f3n del ciclo formativo dirigido a los equipos del Servicio de Apoyo Educativo Interno (SAEI) de las instituciones educativas de los niveles [&hellip;]<\/p>\n","protected":false},"author":1,"featured_media":259614,"comment_status":"closed","ping_status":"open","sticky":false,"template":"","format":"standard","meta":{"_et_pb_use_builder":"on","_et_pb_old_content":"","_et_gb_content_width":"1080","footnotes":""},"categories":[10],"tags":[],"class_list":["post-259613","post","type-post","status-publish","format-standard","has-post-thumbnail","hentry","category-noticias"],"_links":{"self":[{"href":"https:\/\/ugel04.gob.pe\/home\/wp-json\/wp\/v2\/posts\/259613","targetHints":{"allow":["GET"]}}],"collection":[{"href":"https:\/\/ugel04.gob.pe\/home\/wp-json\/wp\/v2\/posts"}],"about":[{"href":"https:\/\/ugel04.gob.pe\/home\/wp-json\/wp\/v2\/types\/post"}],"author":[{"embeddable":true,"href":"https:\/\/ugel04.gob.pe\/home\/wp-json\/wp\/v2\/users\/1"}],"replies":[{"embeddable":true,"href":"https:\/\/ugel04.gob.pe\/home\/wp-json\/wp\/v2\/comments?post=259613"}],"version-history":[{"count":4,"href":"https:\/\/ugel04.gob.pe\/home\/wp-json\/wp\/v2\/posts\/259613\/revisions"}],"predecessor-version":[{"id":259619,"href":"https:\/\/ugel04.gob.pe\/home\/wp-json\/wp\/v2\/posts\/259613\/revisions\/259619"}],"wp:featuredmedia":[{"embeddable":true,"href":"https:\/\/ugel04.gob.pe\/home\/wp-json\/wp\/v2\/media\/259614"}],"wp:attachment":[{"href":"https:\/\/ugel04.gob.pe\/home\/wp-json\/wp\/v2\/media?parent=259613"}],"wp:term":[{"taxonomy":"category","embeddable":true,"href":"https:\/\/ugel04.gob.pe\/home\/wp-json\/wp\/v2\/categories?post=259613"},{"taxonomy":"post_tag","embeddable":true,"href":"https:\/\/ugel04.gob.pe\/home\/wp-json\/wp\/v2\/tags?post=259613"}],"curies":[{"name":"wp","href":"https:\/\/api.w.org\/{rel}","templated":true}]}}