{"id":259608,"date":"2025-06-10T15:34:25","date_gmt":"2025-06-10T20:34:25","guid":{"rendered":"https:\/\/ugel04.gob.pe\/home\/?p=259608"},"modified":"2025-06-10T15:34:25","modified_gmt":"2025-06-10T20:34:25","slug":"con-desfile-y-partido-inaugural-rei-17-da-inicio-a-los-juegos-escolares-deportivos-y-paradeportivos-2025","status":"publish","type":"post","link":"https:\/\/ugel04.gob.pe\/home\/con-desfile-y-partido-inaugural-rei-17-da-inicio-a-los-juegos-escolares-deportivos-y-paradeportivos-2025\/","title":{"rendered":"CON DESFILE Y PARTIDO INAUGURAL, REI 17 DA INICIO A LOS JUEGOS ESCOLARES DEPORTIVOS Y PARADEPORTIVOS 2025"},"content":{"rendered":"<p>[et_pb_section fb_built=\u00bb1&#8243; theme_builder_area=\u00bbpost_content\u00bb _builder_version=\u00bb4.27.4&#8243; _module_preset=\u00bbdefault\u00bb da_is_popup=\u00bboff\u00bb da_exit_intent=\u00bboff\u00bb da_has_close=\u00bbon\u00bb da_alt_close=\u00bboff\u00bb da_dark_close=\u00bboff\u00bb da_not_modal=\u00bbon\u00bb da_is_singular=\u00bboff\u00bb da_with_loader=\u00bboff\u00bb da_has_shadow=\u00bbon\u00bb da_disable_devices=\u00bboff|off|off\u00bb][et_pb_row _builder_version=\u00bb4.27.4&#8243; _module_preset=\u00bbdefault\u00bb theme_builder_area=\u00bbpost_content\u00bb][et_pb_column _builder_version=\u00bb4.27.4&#8243; _module_preset=\u00bbdefault\u00bb type=\u00bb4_4&#8243; theme_builder_area=\u00bbpost_content\u00bb][et_pb_text _builder_version=\u00bb4.27.4&#8243; _module_preset=\u00bbdefault\u00bb theme_builder_area=\u00bbpost_content\u00bb hover_enabled=\u00bb0&#8243; sticky_enabled=\u00bb0&#8243;]<\/p>\n<p data-start=\"31\" data-end=\"394\"><strong>En una jornada llena de energ\u00eda, entusiasmo y esp\u00edritu deportivo, la Red Educativa Institucional (REI) N\u00b0 17 \u00a0dio inicio oficialmente a los Juegos Escolares Deportivos y Paradeportivos 2025, con un emotivo desfile y la inauguraci\u00f3n de las competencias en el Parque Zonal Sinchi Roca, ubicado en el distrito de Comas.<\/strong><\/p>\n<p data-start=\"396\" data-end=\"887\">La jornada comenz\u00f3\u00a0con el desfile de las 11 escuelas participantes, que representaron con orgullo a sus instituciones en una ceremonia encabezada por el especialista en educaci\u00f3n de la UGEL 04 y encargado de la REI 17, Percy Salazar. En sus palabras de apertura, Salazar destac\u00f3 el valor del deporte en la formaci\u00f3n integral de los j\u00f3venes, enfatizando que \u00abel deporte es la \u00fanica forma de promover valores como el respeto, la perseverancia y el trabajo cooperativo\u00bb.<\/p>\n<p data-start=\"889\" data-end=\"1318\">Tras la inauguraci\u00f3n, comenz\u00f3 el primer campeonato en la disciplina de f\u00fatbol, categor\u00eda C, donde el IE Juan Pablo Vizcardo y Guzm\u00e1n logr\u00f3 una victoria de 2-1 frente al IE 8170 C\u00e9sar Vallejo, ambos representando al distrito de Comas, esta victoria marca el inicio de una serie de competencias en las disciplinas colectivas, como f\u00fatbol, v\u00f3ley, b\u00e1squet y futsal, que se desarrollar\u00e1n en las siguientes semanas.<\/p>\n<p data-start=\"1320\" data-end=\"1719\">La REI 17 se convierte as\u00ed en la primera en abrir y liderar las actividades de los Juegos Escolares Deportivos y Paradeportivos, con el objetivo de fomentar la participaci\u00f3n activa de los estudiantes en actividades f\u00edsicas y recreativas que refuercen la convivencia y los valores dentro de la comunidad educativa.<\/p>\n<p data-start=\"1721\" data-end=\"1988\">Durante los pr\u00f3ximos d\u00edas, se disputar\u00e1n los encuentros correspondientes en todas las disciplinas mencionadas, es decir,\u00a0tendr\u00e1n la oportunidad de continuar demostrando su talento, como lo hizo el equipo ganador en el partido inaugural.<\/p>\n<p data-start=\"1990\" data-end=\"2340\">El compromiso de la Red Educativa Institucional N\u00b0 17 (REI 17) con la promoci\u00f3n de los valores deportivos y la integraci\u00f3n de la comunidad educativa en estos eventos sigue fortaleci\u00e9ndose, y este tipo de actividades no solo buscan premiar a los campeones, sino tambi\u00e9n reafirmar el sentido de pertenencia y identidad en la red educativa de Comas.<\/p>\n<p data-start=\"2342\" data-end=\"2417\"><strong data-start=\"2342\" data-end=\"2417\">\u00a1A seguir participando, trabajando en equipo y disfrutando del deporte!<\/strong><\/p>\n<p>[\/et_pb_text][\/et_pb_column][\/et_pb_row][\/et_pb_section]<\/p>\n","protected":false},"excerpt":{"rendered":"<p>En una jornada llena de energ\u00eda, entusiasmo y esp\u00edritu deportivo, la Red Educativa Institucional (REI) N\u00b0 17 \u00a0dio inicio oficialmente a los Juegos Escolares Deportivos y Paradeportivos 2025, con un [&hellip;]<\/p>\n","protected":false},"author":1,"featured_media":259609,"comment_status":"closed","ping_status":"closed","sticky":false,"template":"","format":"standard","meta":{"_et_pb_use_builder":"on","_et_pb_old_content":"","_et_gb_content_width":"","footnotes":""},"categories":[10],"tags":[],"class_list":["post-259608","post","type-post","status-publish","format-standard","has-post-thumbnail","hentry","category-noticias"],"_links":{"self":[{"href":"https:\/\/ugel04.gob.pe\/home\/wp-json\/wp\/v2\/posts\/259608","targetHints":{"allow":["GET"]}}],"collection":[{"href":"https:\/\/ugel04.gob.pe\/home\/wp-json\/wp\/v2\/posts"}],"about":[{"href":"https:\/\/ugel04.gob.pe\/home\/wp-json\/wp\/v2\/types\/post"}],"author":[{"embeddable":true,"href":"https:\/\/ugel04.gob.pe\/home\/wp-json\/wp\/v2\/users\/1"}],"replies":[{"embeddable":true,"href":"https:\/\/ugel04.gob.pe\/home\/wp-json\/wp\/v2\/comments?post=259608"}],"version-history":[{"count":2,"href":"https:\/\/ugel04.gob.pe\/home\/wp-json\/wp\/v2\/posts\/259608\/revisions"}],"predecessor-version":[{"id":259611,"href":"https:\/\/ugel04.gob.pe\/home\/wp-json\/wp\/v2\/posts\/259608\/revisions\/259611"}],"wp:featuredmedia":[{"embeddable":true,"href":"https:\/\/ugel04.gob.pe\/home\/wp-json\/wp\/v2\/media\/259609"}],"wp:attachment":[{"href":"https:\/\/ugel04.gob.pe\/home\/wp-json\/wp\/v2\/media?parent=259608"}],"wp:term":[{"taxonomy":"category","embeddable":true,"href":"https:\/\/ugel04.gob.pe\/home\/wp-json\/wp\/v2\/categories?post=259608"},{"taxonomy":"post_tag","embeddable":true,"href":"https:\/\/ugel04.gob.pe\/home\/wp-json\/wp\/v2\/tags?post=259608"}],"curies":[{"name":"wp","href":"https:\/\/api.w.org\/{rel}","templated":true}]}}