{"id":259594,"date":"2025-06-07T02:36:23","date_gmt":"2025-06-07T07:36:23","guid":{"rendered":"https:\/\/ugel04.gob.pe\/home\/?p=259594"},"modified":"2025-06-07T02:37:14","modified_gmt":"2025-06-07T07:37:14","slug":"ugel-04-fortalece-inclusion-educativa-con-ciclo-de-capacitaciones-a-equipos-sae","status":"publish","type":"post","link":"https:\/\/ugel04.gob.pe\/home\/ugel-04-fortalece-inclusion-educativa-con-ciclo-de-capacitaciones-a-equipos-sae\/","title":{"rendered":"UGEL 04 fortalece inclusi\u00f3n educativa con ciclo de capacitaciones a equipos SAE"},"content":{"rendered":"<p>[et_pb_section fb_built=\u00bb1&#8243; theme_builder_area=\u00bbpost_content\u00bb _builder_version=\u00bb4.27.4&#8243; _module_preset=\u00bbdefault\u00bb da_is_popup=\u00bboff\u00bb da_exit_intent=\u00bboff\u00bb da_has_close=\u00bbon\u00bb da_alt_close=\u00bboff\u00bb da_dark_close=\u00bboff\u00bb da_not_modal=\u00bbon\u00bb da_is_singular=\u00bboff\u00bb da_with_loader=\u00bboff\u00bb da_has_shadow=\u00bbon\u00bb da_disable_devices=\u00bboff|off|off\u00bb][et_pb_row _builder_version=\u00bb4.27.4&#8243; _module_preset=\u00bbdefault\u00bb theme_builder_area=\u00bbpost_content\u00bb][et_pb_column _builder_version=\u00bb4.27.4&#8243; _module_preset=\u00bbdefault\u00bb type=\u00bb4_4&#8243; theme_builder_area=\u00bbpost_content\u00bb][et_pb_text _builder_version=\u00bb4.27.4&#8243; _module_preset=\u00bbdefault\u00bb theme_builder_area=\u00bbpost_content\u00bb hover_enabled=\u00bb0&#8243; sticky_enabled=\u00bb0&#8243;]<\/p>\n<p data-start=\"278\" data-end=\"619\"><strong>La UGEL 04 viene desarrollando la cuarta sesi\u00f3n\u00a0 sobre la implementaci\u00f3n de apoyos educativos, dirigida a los equipos del Servicio de Apoyo Educativo (SAE), de las instituciones educativas de la UGEL 04, correspondientes a los niveles de inicial, primaria y secundaria de la Educaci\u00f3n B\u00e1sica Regular.<\/strong><\/p>\n<p data-start=\"621\" data-end=\"1340\">Estas sesiones tienen como objetivo fortalecer la educaci\u00f3n inclusiva desde una mirada institucional, articulando el trabajo entre los equipos SAEI conformados en cada escuela y los equipos externos que brindan acompa\u00f1amiento especializado, este proceso formativo consta de cinco sesiones progresivas que abordan temas claves: la primera trat\u00f3 sobre la implementaci\u00f3n del servicio SAE y el enfoque de educaci\u00f3n inclusiva; la segunda, los procesos de sensibilizaci\u00f3n; la tercera, las barreras educativas; la cuarta, estrategias, recursos y orientaciones para la implementaci\u00f3n de apoyos educativos; y la quinta y \u00faltima, programada para el lunes 9 de junio.<\/p>\n<p data-start=\"1751\" data-end=\"2059\">Esta serie de capacitaciones busca garantizar una implementaci\u00f3n efectiva de los servicios de apoyo educativo en las escuelas, permitiendo a los equipos SAEI orientar a sus docentes y fortalecer el acompa\u00f1amiento a estudiantes con necesidades educativas, promoviendo una educaci\u00f3n m\u00e1s equitativa e inclusiva.<\/p>\n<p>[\/et_pb_text][\/et_pb_column][\/et_pb_row][\/et_pb_section]<\/p>\n","protected":false},"excerpt":{"rendered":"<p>La UGEL 04 viene desarrollando la cuarta sesi\u00f3n\u00a0 sobre la implementaci\u00f3n de apoyos educativos, dirigida a los equipos del Servicio de Apoyo Educativo (SAE), de las instituciones educativas de la [&hellip;]<\/p>\n","protected":false},"author":1,"featured_media":259595,"comment_status":"closed","ping_status":"closed","sticky":false,"template":"","format":"standard","meta":{"_et_pb_use_builder":"on","_et_pb_old_content":"","_et_gb_content_width":"","footnotes":""},"categories":[10],"tags":[],"class_list":["post-259594","post","type-post","status-publish","format-standard","has-post-thumbnail","hentry","category-noticias"],"_links":{"self":[{"href":"https:\/\/ugel04.gob.pe\/home\/wp-json\/wp\/v2\/posts\/259594","targetHints":{"allow":["GET"]}}],"collection":[{"href":"https:\/\/ugel04.gob.pe\/home\/wp-json\/wp\/v2\/posts"}],"about":[{"href":"https:\/\/ugel04.gob.pe\/home\/wp-json\/wp\/v2\/types\/post"}],"author":[{"embeddable":true,"href":"https:\/\/ugel04.gob.pe\/home\/wp-json\/wp\/v2\/users\/1"}],"replies":[{"embeddable":true,"href":"https:\/\/ugel04.gob.pe\/home\/wp-json\/wp\/v2\/comments?post=259594"}],"version-history":[{"count":3,"href":"https:\/\/ugel04.gob.pe\/home\/wp-json\/wp\/v2\/posts\/259594\/revisions"}],"predecessor-version":[{"id":259598,"href":"https:\/\/ugel04.gob.pe\/home\/wp-json\/wp\/v2\/posts\/259594\/revisions\/259598"}],"wp:featuredmedia":[{"embeddable":true,"href":"https:\/\/ugel04.gob.pe\/home\/wp-json\/wp\/v2\/media\/259595"}],"wp:attachment":[{"href":"https:\/\/ugel04.gob.pe\/home\/wp-json\/wp\/v2\/media?parent=259594"}],"wp:term":[{"taxonomy":"category","embeddable":true,"href":"https:\/\/ugel04.gob.pe\/home\/wp-json\/wp\/v2\/categories?post=259594"},{"taxonomy":"post_tag","embeddable":true,"href":"https:\/\/ugel04.gob.pe\/home\/wp-json\/wp\/v2\/tags?post=259594"}],"curies":[{"name":"wp","href":"https:\/\/api.w.org\/{rel}","templated":true}]}}