{"id":259590,"date":"2025-06-06T15:10:06","date_gmt":"2025-06-06T20:10:06","guid":{"rendered":"https:\/\/ugel04.gob.pe\/home\/?p=259590"},"modified":"2025-06-06T15:10:13","modified_gmt":"2025-06-06T20:10:13","slug":"ugel-04-impulsa-la-conservacion-de-bibliotecas-escolares-con-taller-para-auxiliares","status":"publish","type":"post","link":"https:\/\/ugel04.gob.pe\/home\/ugel-04-impulsa-la-conservacion-de-bibliotecas-escolares-con-taller-para-auxiliares\/","title":{"rendered":"UGEL 04 IMPULSA LA CONSERVACI\u00d3N DE BIBLIOTECAS ESCOLARES CON TALLER PARA AUXILIARES"},"content":{"rendered":"<p>[et_pb_section fb_built=\u00bb1&#8243; theme_builder_area=\u00bbpost_content\u00bb _builder_version=\u00bb4.27.4&#8243; _module_preset=\u00bbdefault\u00bb da_is_popup=\u00bboff\u00bb da_exit_intent=\u00bboff\u00bb da_has_close=\u00bbon\u00bb da_alt_close=\u00bboff\u00bb da_dark_close=\u00bboff\u00bb da_not_modal=\u00bbon\u00bb da_is_singular=\u00bboff\u00bb da_with_loader=\u00bboff\u00bb da_has_shadow=\u00bbon\u00bb da_disable_devices=\u00bboff|off|off\u00bb][et_pb_row _builder_version=\u00bb4.27.4&#8243; _module_preset=\u00bbdefault\u00bb theme_builder_area=\u00bbpost_content\u00bb][et_pb_column _builder_version=\u00bb4.27.4&#8243; _module_preset=\u00bbdefault\u00bb type=\u00bb4_4&#8243; theme_builder_area=\u00bbpost_content\u00bb][et_pb_text _builder_version=\u00bb4.27.4&#8243; _module_preset=\u00bbdefault\u00bb theme_builder_area=\u00bbpost_content\u00bb hover_enabled=\u00bb0&#8243; sticky_enabled=\u00bb0&#8243;]<\/p>\n<p data-start=\"259\" data-end=\"588\"><strong>Con el prop\u00f3sito de fortalecer el cuidado de los libros y revitalizar las bibliotecas escolares, la UGEL 04, a trav\u00e9s del \u00c1rea de Gesti\u00f3n de la Educaci\u00f3n B\u00e1sica Regular y Especial, organiz\u00f3 el taller <em data-start=\"459\" data-end=\"493\">\u201cCuidar libros, cuidar lectores\u201d<\/em>, dirigido a auxiliares de biblioteca de distintas instituciones educativas de la jurisdicci\u00f3n.<\/strong><\/p>\n<p data-start=\"590\" data-end=\"1028\">La actividad, desarrollada en las instalaciones de la biblioteca de la I.E. Jos\u00e9 Mart\u00ed, reuni\u00f3 a 23 auxiliares de biblioteca escolar, quienes participaron de una jornada te\u00f3rico-pr\u00e1ctica orientada a sensibilizar sobre la importancia del libro como bien cultural y afectivo, brindar herramientas b\u00e1sicas de conservaci\u00f3n preventiva y limpieza, y reflexionar sobre la biblioteca como un espacio vivo y acogedor para sus comunidades lectoras.<\/p>\n<p data-start=\"1030\" data-end=\"1382\">Durante el taller, se abordaron temas pr\u00e1cticos sobre t\u00e9cnicas de forrado de libros, uso de implementos para reparar ejemplares maltratados y estrategias para redise\u00f1ar servicios bibliotecarios que respondan a las necesidades de sus lectores. Los materiales proporcionados y las din\u00e1micas aplicadas fueron especialmente valorados por los participantes.<\/p>\n<p data-start=\"1384\" data-end=\"1816\">Esta iniciativa forma parte de la estrategia <strong data-start=\"1429\" data-end=\"1471\">LEA (Lectura, Escritura y Aprendizaje)<\/strong>, que promueve el fortalecimiento de los espacios bibliotecarios como centros de encuentro y aprendizaje en las escuelas de UGEL 04. Como parte de este compromiso, se anunci\u00f3 que en el mes de julio se desarrollar\u00e1 un segundo taller dirigido a bibliotecarios, buscando ampliar y diversificar los servicios que se brindan a la comunidad educativa.<\/p>\n<p data-start=\"1818\" data-end=\"2032\">Finalmente, se proyecta que para el a\u00f1o 2025 todas las instituciones educativas de la jurisdicci\u00f3n cuenten con una biblioteca institucional o, en su defecto, una biblioteca de aula implementada y en funcionamiento.<\/p>\n<p>[\/et_pb_text][\/et_pb_column][\/et_pb_row][\/et_pb_section]<\/p>\n","protected":false},"excerpt":{"rendered":"<p>Con el prop\u00f3sito de fortalecer el cuidado de los libros y revitalizar las bibliotecas escolares, la UGEL 04, a trav\u00e9s del \u00c1rea de Gesti\u00f3n de la Educaci\u00f3n B\u00e1sica Regular y [&hellip;]<\/p>\n","protected":false},"author":1,"featured_media":259591,"comment_status":"closed","ping_status":"closed","sticky":false,"template":"","format":"standard","meta":{"_et_pb_use_builder":"on","_et_pb_old_content":"","_et_gb_content_width":"","footnotes":""},"categories":[10],"tags":[],"class_list":["post-259590","post","type-post","status-publish","format-standard","has-post-thumbnail","hentry","category-noticias"],"_links":{"self":[{"href":"https:\/\/ugel04.gob.pe\/home\/wp-json\/wp\/v2\/posts\/259590","targetHints":{"allow":["GET"]}}],"collection":[{"href":"https:\/\/ugel04.gob.pe\/home\/wp-json\/wp\/v2\/posts"}],"about":[{"href":"https:\/\/ugel04.gob.pe\/home\/wp-json\/wp\/v2\/types\/post"}],"author":[{"embeddable":true,"href":"https:\/\/ugel04.gob.pe\/home\/wp-json\/wp\/v2\/users\/1"}],"replies":[{"embeddable":true,"href":"https:\/\/ugel04.gob.pe\/home\/wp-json\/wp\/v2\/comments?post=259590"}],"version-history":[{"count":2,"href":"https:\/\/ugel04.gob.pe\/home\/wp-json\/wp\/v2\/posts\/259590\/revisions"}],"predecessor-version":[{"id":259593,"href":"https:\/\/ugel04.gob.pe\/home\/wp-json\/wp\/v2\/posts\/259590\/revisions\/259593"}],"wp:featuredmedia":[{"embeddable":true,"href":"https:\/\/ugel04.gob.pe\/home\/wp-json\/wp\/v2\/media\/259591"}],"wp:attachment":[{"href":"https:\/\/ugel04.gob.pe\/home\/wp-json\/wp\/v2\/media?parent=259590"}],"wp:term":[{"taxonomy":"category","embeddable":true,"href":"https:\/\/ugel04.gob.pe\/home\/wp-json\/wp\/v2\/categories?post=259590"},{"taxonomy":"post_tag","embeddable":true,"href":"https:\/\/ugel04.gob.pe\/home\/wp-json\/wp\/v2\/tags?post=259590"}],"curies":[{"name":"wp","href":"https:\/\/api.w.org\/{rel}","templated":true}]}}