{"id":259582,"date":"2025-06-04T17:57:34","date_gmt":"2025-06-04T22:57:34","guid":{"rendered":"https:\/\/ugel04.gob.pe\/home\/?p=259582"},"modified":"2025-06-04T17:57:42","modified_gmt":"2025-06-04T22:57:42","slug":"ugel-04-impulsa-formacion-tecnica-de-estudiantes-de-eba-mediante-firma-de-convenio-con-cetpro","status":"publish","type":"post","link":"https:\/\/ugel04.gob.pe\/home\/ugel-04-impulsa-formacion-tecnica-de-estudiantes-de-eba-mediante-firma-de-convenio-con-cetpro\/","title":{"rendered":"UGEL 04 IMPULSA FORMACI\u00d3N T\u00c9CNICA DE ESTUDIANTES DE EBA MEDIANTE FIRMA DE CONVENIO CON CETPRO"},"content":{"rendered":"<p>[et_pb_section fb_built=\u00bb1&#8243; theme_builder_area=\u00bbpost_content\u00bb _builder_version=\u00bb4.27.4&#8243; _module_preset=\u00bbdefault\u00bb da_is_popup=\u00bboff\u00bb da_exit_intent=\u00bboff\u00bb da_has_close=\u00bbon\u00bb da_alt_close=\u00bboff\u00bb da_dark_close=\u00bboff\u00bb da_not_modal=\u00bbon\u00bb da_is_singular=\u00bboff\u00bb da_with_loader=\u00bboff\u00bb da_has_shadow=\u00bbon\u00bb da_disable_devices=\u00bboff|off|off\u00bb][et_pb_row _builder_version=\u00bb4.27.4&#8243; _module_preset=\u00bbdefault\u00bb theme_builder_area=\u00bbpost_content\u00bb][et_pb_column _builder_version=\u00bb4.27.4&#8243; _module_preset=\u00bbdefault\u00bb type=\u00bb4_4&#8243; theme_builder_area=\u00bbpost_content\u00bb][et_pb_text _builder_version=\u00bb4.27.4&#8243; _module_preset=\u00bbdefault\u00bb theme_builder_area=\u00bbpost_content\u00bb hover_enabled=\u00bb0&#8243; sticky_enabled=\u00bb0&#8243;]<\/p>\n<p>Con el objetivo de fortalecer la formaci\u00f3n t\u00e9cnica de los estudiantes de Educaci\u00f3n B\u00e1sica Alternativa (EBA), la UGEL 04 celebr\u00f3 la firma del Convenio Interinstitucional de Transitabilidad entre el Centro de Educaci\u00f3n T\u00e9cnico Productivo (CETPRO) \u201cEl Progreso II Sector\u201d y el CEBA Estados Unidos, instituciones ubicadas en el distrito de Comas.<\/p>\n<p>Este convenio permitir\u00e1 que los estudiantes del ciclo avanzado del CEBA puedan obtener una certificaci\u00f3n modular del CETPRO, al mismo tiempo que culminan su formaci\u00f3n en Educaci\u00f3n B\u00e1sica Alternativa. Asimismo, aquellos estudiantes que a\u00fan no culminen el ciclo completo, podr\u00e1n convalidar o completar las unidades formativas necesarias en el CETPRO, seg\u00fan la normativa vigente del Ministerio de Educaci\u00f3n.<\/p>\n<p>La firma del acuerdo se llev\u00f3 a cabo con la presencia del jefe del \u00c1rea de Gesti\u00f3n de la Educaci\u00f3n B\u00e1sica y T\u00e9cnico-Productiva (AGEBATP) de la UGEL 04, especialistas en Educaci\u00f3n B\u00e1sica Alternativa y T\u00e9cnico-Productiva, as\u00ed como los directores de ambas instituciones: Lic. Genoveba Mari\u00f1o (CETPRO El Progreso II Sector) y Dr. Florentino Osorio (CEBA Estados Unidos).<\/p>\n<p>A trav\u00e9s de esta alianza, ambas instituciones se comprometen a implementar una programaci\u00f3n curricular compartida, desarrollar procesos de evaluaci\u00f3n conjunta, y ofrecer capacitaciones, pasant\u00edas, co-docencia y acceso a recursos t\u00e9cnicos que fortalezcan la experiencia formativa de los estudiantes. Adem\u00e1s, los egresados del CEBA recibir\u00e1n costos preferenciales en matr\u00edcula y tr\u00e1mites administrativos del CETPRO.<\/p>\n<p>Este convenio tendr\u00e1 una duraci\u00f3n de cinco a\u00f1os (2025\u20132030) y se enmarca dentro de las pol\u00edticas educativas que promueven la articulaci\u00f3n entre la Educaci\u00f3n B\u00e1sica y T\u00e9cnico-Productiva, con el fin de construir trayectorias educativas completas que respondan a las demandas del mercado laboral y al desarrollo personal de los estudiantes.<\/p>\n<p>&nbsp;<\/p>\n<p>[\/et_pb_text][\/et_pb_column][\/et_pb_row][\/et_pb_section]<\/p>\n","protected":false},"excerpt":{"rendered":"<p>Con el objetivo de fortalecer la formaci\u00f3n t\u00e9cnica de los estudiantes de Educaci\u00f3n B\u00e1sica Alternativa (EBA), la UGEL 04 celebr\u00f3 la firma del Convenio Interinstitucional de Transitabilidad entre el Centro [&hellip;]<\/p>\n","protected":false},"author":1,"featured_media":259583,"comment_status":"open","ping_status":"open","sticky":false,"template":"","format":"standard","meta":{"_et_pb_use_builder":"on","_et_pb_old_content":"","_et_gb_content_width":"1080","footnotes":""},"categories":[10],"tags":[],"class_list":["post-259582","post","type-post","status-publish","format-standard","has-post-thumbnail","hentry","category-noticias"],"_links":{"self":[{"href":"https:\/\/ugel04.gob.pe\/home\/wp-json\/wp\/v2\/posts\/259582","targetHints":{"allow":["GET"]}}],"collection":[{"href":"https:\/\/ugel04.gob.pe\/home\/wp-json\/wp\/v2\/posts"}],"about":[{"href":"https:\/\/ugel04.gob.pe\/home\/wp-json\/wp\/v2\/types\/post"}],"author":[{"embeddable":true,"href":"https:\/\/ugel04.gob.pe\/home\/wp-json\/wp\/v2\/users\/1"}],"replies":[{"embeddable":true,"href":"https:\/\/ugel04.gob.pe\/home\/wp-json\/wp\/v2\/comments?post=259582"}],"version-history":[{"count":2,"href":"https:\/\/ugel04.gob.pe\/home\/wp-json\/wp\/v2\/posts\/259582\/revisions"}],"predecessor-version":[{"id":259585,"href":"https:\/\/ugel04.gob.pe\/home\/wp-json\/wp\/v2\/posts\/259582\/revisions\/259585"}],"wp:featuredmedia":[{"embeddable":true,"href":"https:\/\/ugel04.gob.pe\/home\/wp-json\/wp\/v2\/media\/259583"}],"wp:attachment":[{"href":"https:\/\/ugel04.gob.pe\/home\/wp-json\/wp\/v2\/media?parent=259582"}],"wp:term":[{"taxonomy":"category","embeddable":true,"href":"https:\/\/ugel04.gob.pe\/home\/wp-json\/wp\/v2\/categories?post=259582"},{"taxonomy":"post_tag","embeddable":true,"href":"https:\/\/ugel04.gob.pe\/home\/wp-json\/wp\/v2\/tags?post=259582"}],"curies":[{"name":"wp","href":"https:\/\/api.w.org\/{rel}","templated":true}]}}