{"id":259508,"date":"2025-06-03T17:25:32","date_gmt":"2025-06-03T22:25:32","guid":{"rendered":"https:\/\/ugel04.gob.pe\/home\/?p=259508"},"modified":"2025-06-03T17:25:42","modified_gmt":"2025-06-03T22:25:42","slug":"se-entrega-certificados-a-directivos-y-docentes-que-aprobaron-programa-de-especializacion-de-fortalecimiento-profesional","status":"publish","type":"post","link":"https:\/\/ugel04.gob.pe\/home\/se-entrega-certificados-a-directivos-y-docentes-que-aprobaron-programa-de-especializacion-de-fortalecimiento-profesional\/","title":{"rendered":"SE ENTREGA CERTIFICADOS A DIRECTIVOS Y DOCENTES QUE APROBARON PROGRAMA DE ESPECIALIZACI\u00d3N DE FORTALECIMIENTO PROFESIONAL"},"content":{"rendered":"<p>[et_pb_section fb_built=\u00bb1&#8243; theme_builder_area=\u00bbpost_content\u00bb _builder_version=\u00bb4.27.4&#8243; _module_preset=\u00bbdefault\u00bb da_is_popup=\u00bboff\u00bb da_exit_intent=\u00bboff\u00bb da_has_close=\u00bbon\u00bb da_alt_close=\u00bboff\u00bb da_dark_close=\u00bboff\u00bb da_not_modal=\u00bbon\u00bb da_is_singular=\u00bboff\u00bb da_with_loader=\u00bboff\u00bb da_has_shadow=\u00bbon\u00bb da_disable_devices=\u00bboff|off|off\u00bb][et_pb_row _builder_version=\u00bb4.27.4&#8243; _module_preset=\u00bbdefault\u00bb theme_builder_area=\u00bbpost_content\u00bb][et_pb_column _builder_version=\u00bb4.27.4&#8243; _module_preset=\u00bbdefault\u00bb type=\u00bb4_4&#8243; theme_builder_area=\u00bbpost_content\u00bb][et_pb_text _builder_version=\u00bb4.27.4&#8243; _module_preset=\u00bbdefault\u00bb theme_builder_area=\u00bbpost_content\u00bb hover_enabled=\u00bb0&#8243; sticky_enabled=\u00bb0&#8243;]<\/p>\n<p><span>En una emotiva ceremonia realizada en el auditorio de la IE N\u00b0 2100 Juan Velasco Alvarado, la UGEL 04 a trav\u00e9s del AGEBRE, hizo entrega de los certificados oficiales a los directivos y maestros que aprobaron el Programa de Especializaci\u00f3n de Formaci\u00f3n Docente en Servicio: Innovaci\u00f3n Pedag\u00f3gica y Evaluaci\u00f3n Formativa, en el marco del Curr\u00edculo Nacional de la Educaci\u00f3n B\u00e1sica \u2013 Educaci\u00f3n \u2013 Educaci\u00f3n Secundaria \u2013 Matem\u00e1tica, desarrollado del 26 de febrero al 30 de noviembre del 2024.<\/span><\/p>\n<p><span>Durante el evento, 1133 profesores -entre directivos y docentes de los diversos niveles de EBE y EBR-, de las escuelas p\u00fablicas de nuestra jurisdicci\u00f3n, recibieron el documento de manos de la directora de la UGEL 04, Nelly Cunza, quien durante su alocuci\u00f3n los felicit\u00f3 por haber participado de manera satisfactoria en este programa de fortalecimiento profesional, cuya finalidad principal es mejorar el proceso de ense\u00f1anza en las aulas.<\/span><\/p>\n<p><span>\u201cMe satisface el inter\u00e9s que vienen mostrando para mejorar sus capacidades. Su sacrificio y entrega tiene un valor muy significativo para el sistema educativa en nuestra jurisdicci\u00f3n, porque adem\u00e1s de fortalecer sus conocimientos, tambi\u00e9n ayuda a consolidar el enfoque por competencias en el aprendizaje de los estudiantes. Por ese motivo, seguiremos impulsando m\u00e1s capacitaciones en el marco del programa de formaci\u00f3n continua que impulsa Minedu\u201d, enfatiz\u00f3 la titular de la UGEL 04.<\/span><\/p>\n<p><span>Cabe destacar que, el certificado entregado tiene un valor oficial de 384 horas lectivas, en m\u00e9rito al proceso de especializaci\u00f3n realizado durante el a\u00f1o 2024, de manera virtual y presencial, con el auspicio de la Universidad C\u00e9sar Vallejo, entidad aliada que prest\u00f3 sus instalaciones para acoger a m\u00e1s de 1300 docentes inscritos.<\/span><\/p>\n<p><span>Junto a la directora de la UGEL 04, estuvieron presentes los especialistas en educaci\u00f3n y jefe del AGEBRE, quienes cumplieron el importante papel de organizadores y capacitadores del Programa de Especializaci\u00f3n, motivo por el cual, recibieron el agradecimiento de los asistentes.<\/span><\/p>\n<p><span>Asimismo, asistieron en representaci\u00f3n de la Universidad C\u00e9sar Vallejo, Campus Lima Norte, el director de Investigaci\u00f3n Cient\u00edfica <\/span><\/p>\n<p><strong><span>Docentes capacitados <\/span><\/strong><\/p>\n<p><span>Programa de Especializaci\u00f3n Directivo 2024:<\/span><\/p>\n<ul>\n<li><span>Nivel inicial (31 directivos).<\/span><\/li>\n<li><span>Nivel primario (48 directivos).<\/span><\/li>\n<li><span>Nivel secundario (83 directivos).<\/span><\/li>\n<\/ul>\n<p><span>Programa de Especializaci\u00f3n Docente 2024:<\/span><\/p>\n<ul>\n<li><span>EBE (59 docentes)<\/span><\/li>\n<\/ul>\n<p><span>EBR:<\/span><\/p>\n<ul>\n<li><span>Inicial Pronoei (30 docentes).<\/span><\/li>\n<li><span>Inicial (264 docentes).<\/span><\/li>\n<li><span>Primaria (195 docentes).<\/span><\/li>\n<li><span>Secundaria Matem\u00e1tica (73 docentes).<\/span><\/li>\n<li><span>Secundaria Comunicaci\u00f3n (67 docentes).<\/span><\/li>\n<li><span>Secundaria Ciencias Sociales (46 docentes).<\/span><\/li>\n<li><span>Secundaria Arte y Cultura (45 docentes).<\/span><\/li>\n<li><span>Secundaria Ciencia y Tecnolog\u00eda (41 docentes).<\/span><\/li>\n<li><span>Secundaria Ingl\u00e9s (38 docentes).<\/span><\/li>\n<li><span>Secundaria Educaci\u00f3n F\u00edsica (37 docentes).<\/span><\/li>\n<li><span>Secundaria Formaci\u00f3n T\u00e9cnica (30 docentes).<\/span><\/li>\n<li><span>Secundaria EPT (22 docentes).<\/span><\/li>\n<li><span>Secundaria TOE (16 docentes).<\/span><\/li>\n<li><span>Secundaria DPCC (8 docentes).<\/span><\/li>\n<\/ul>\n<p>[\/et_pb_text][\/et_pb_column][\/et_pb_row][\/et_pb_section]<\/p>\n","protected":false},"excerpt":{"rendered":"<p>En una emotiva ceremonia realizada en el auditorio de la IE N\u00b0 2100 Juan Velasco Alvarado, la UGEL 04 a trav\u00e9s del AGEBRE, hizo entrega de los certificados oficiales a [&hellip;]<\/p>\n","protected":false},"author":1,"featured_media":259509,"comment_status":"open","ping_status":"open","sticky":false,"template":"","format":"standard","meta":{"_et_pb_use_builder":"on","_et_pb_old_content":"","_et_gb_content_width":"1080","footnotes":""},"categories":[10],"tags":[],"class_list":["post-259508","post","type-post","status-publish","format-standard","has-post-thumbnail","hentry","category-noticias"],"_links":{"self":[{"href":"https:\/\/ugel04.gob.pe\/home\/wp-json\/wp\/v2\/posts\/259508","targetHints":{"allow":["GET"]}}],"collection":[{"href":"https:\/\/ugel04.gob.pe\/home\/wp-json\/wp\/v2\/posts"}],"about":[{"href":"https:\/\/ugel04.gob.pe\/home\/wp-json\/wp\/v2\/types\/post"}],"author":[{"embeddable":true,"href":"https:\/\/ugel04.gob.pe\/home\/wp-json\/wp\/v2\/users\/1"}],"replies":[{"embeddable":true,"href":"https:\/\/ugel04.gob.pe\/home\/wp-json\/wp\/v2\/comments?post=259508"}],"version-history":[{"count":2,"href":"https:\/\/ugel04.gob.pe\/home\/wp-json\/wp\/v2\/posts\/259508\/revisions"}],"predecessor-version":[{"id":259511,"href":"https:\/\/ugel04.gob.pe\/home\/wp-json\/wp\/v2\/posts\/259508\/revisions\/259511"}],"wp:featuredmedia":[{"embeddable":true,"href":"https:\/\/ugel04.gob.pe\/home\/wp-json\/wp\/v2\/media\/259509"}],"wp:attachment":[{"href":"https:\/\/ugel04.gob.pe\/home\/wp-json\/wp\/v2\/media?parent=259508"}],"wp:term":[{"taxonomy":"category","embeddable":true,"href":"https:\/\/ugel04.gob.pe\/home\/wp-json\/wp\/v2\/categories?post=259508"},{"taxonomy":"post_tag","embeddable":true,"href":"https:\/\/ugel04.gob.pe\/home\/wp-json\/wp\/v2\/tags?post=259508"}],"curies":[{"name":"wp","href":"https:\/\/api.w.org\/{rel}","templated":true}]}}