{"id":259477,"date":"2025-05-30T14:17:19","date_gmt":"2025-05-30T19:17:19","guid":{"rendered":"https:\/\/ugel04.gob.pe\/home\/?p=259477"},"modified":"2025-05-30T14:17:19","modified_gmt":"2025-05-30T19:17:19","slug":"ugel-04-y-unicef-unen-esfuerzos-para-fortalecer-la-educacion-inclusiva-a-traves-de-capacitaciones","status":"publish","type":"post","link":"https:\/\/ugel04.gob.pe\/home\/ugel-04-y-unicef-unen-esfuerzos-para-fortalecer-la-educacion-inclusiva-a-traves-de-capacitaciones\/","title":{"rendered":"UGEL 04 Y UNICEF UNEN ESFUERZOS PARA FORTALECER LA EDUCACI\u00d3N INCLUSIVA A TRAV\u00c9S DE CAPACITACIONES"},"content":{"rendered":"<p>[et_pb_section fb_built=\u00bb1&#8243; theme_builder_area=\u00bbpost_content\u00bb _builder_version=\u00bb4.27.4&#8243; _module_preset=\u00bbdefault\u00bb da_is_popup=\u00bboff\u00bb da_exit_intent=\u00bboff\u00bb da_has_close=\u00bbon\u00bb da_alt_close=\u00bboff\u00bb da_dark_close=\u00bboff\u00bb da_not_modal=\u00bbon\u00bb da_is_singular=\u00bboff\u00bb da_with_loader=\u00bboff\u00bb da_has_shadow=\u00bbon\u00bb da_disable_devices=\u00bboff|off|off\u00bb][et_pb_row _builder_version=\u00bb4.27.4&#8243; _module_preset=\u00bbdefault\u00bb theme_builder_area=\u00bbpost_content\u00bb][et_pb_column _builder_version=\u00bb4.27.4&#8243; _module_preset=\u00bbdefault\u00bb type=\u00bb4_4&#8243; theme_builder_area=\u00bbpost_content\u00bb][et_pb_text _builder_version=\u00bb4.27.4&#8243; _module_preset=\u00bbdefault\u00bb theme_builder_area=\u00bbpost_content\u00bb hover_enabled=\u00bb0&#8243; sticky_enabled=\u00bb0&#8243;]<\/p>\n<p><span>Durante cinco d\u00edas, la UGEL 04, a trav\u00e9s del equipo del Servicio de Apoyo Educativo Externo (SAE), <strong>viene desarrollando capacitaciones dirigidas a los equipos del Servicio de Apoyo Educativo Interno (SAEI)<\/strong> de las instituciones educativas p\u00fablicas de Educaci\u00f3n B\u00e1sica Regular (EBR). <strong>El primer taller se realiz\u00f3 el 30 de mayo en la Instituci\u00f3n Educativa N.\u00ba 2100 Juan Velasco Alvarado, en el distrito de Comas<\/strong>, marcando el inicio de una serie de jornadas que continuar\u00e1n los d\u00edas 2, 4, 6 y 9 de junio. De estas cinco sesiones, <strong>una ser\u00e1 virtual (el 2 de junio)<\/strong> y <strong>cuatro se desarrollar\u00e1n de forma presencial<\/strong>, contando con la participaci\u00f3n de docentes y profesionales de los niveles inicial, primaria y secundaria.<\/span><\/p>\n<p>El objetivo central de estas capacitaciones es fortalecer el enfoque de educaci\u00f3n inclusiva y atenci\u00f3n a la diversidad, brindando herramientas y estrategias pr\u00e1cticas a los equipos SAEI para generar entornos educativos m\u00e1s accesibles, equitativos y respetuosos de las diferencias. Se busca que cada instituci\u00f3n educativa pueda identificar, reconocer y valorar la diversidad desde una perspectiva institucional, garantizando el derecho de todos los estudiantes a una educaci\u00f3n de calidad.<\/p>\n<p>UNICEF, como aliado estrat\u00e9gico de la UGEL 04, ha venido acompa\u00f1ando este proceso brindando espacios de sensibilizaci\u00f3n para los equipos SAEI, que en muchos casos est\u00e1n siendo conformados este a\u00f1o. A trav\u00e9s de su apoyo, se ha incorporado el uso de recursos innovadores como la \u201cCaja de Aprendizaje\u201d y la plataforma digital INCLUIA, un chat box de inteligencia artificial que permite a los docentes acceder a orientaciones y estrategias pedag\u00f3gicas para atender diversas situaciones en el aula con enfoque inclusivo.<\/p>\n<p>Estas jornadas representan una oportunidad clave para fortalecer las capacidades del personal educativo en torno a un modelo de escuela que elimine barreras para el acceso, permanencia, participaci\u00f3n y logro de aprendizajes de todos los estudiantes, especialmente de aquellos que enfrentan mayores desaf\u00edos y as\u00ed construir una educaci\u00f3n m\u00e1s justa, igualitaria y centrada en la diversidad.<\/p>\n<p>[\/et_pb_text][\/et_pb_column][\/et_pb_row][\/et_pb_section]<\/p>\n","protected":false},"excerpt":{"rendered":"<p>Durante cinco d\u00edas, la UGEL 04, a trav\u00e9s del equipo del Servicio de Apoyo Educativo Externo (SAE), viene desarrollando capacitaciones dirigidas a los equipos del Servicio de Apoyo Educativo Interno [&hellip;]<\/p>\n","protected":false},"author":1,"featured_media":259478,"comment_status":"closed","ping_status":"open","sticky":false,"template":"","format":"standard","meta":{"_et_pb_use_builder":"on","_et_pb_old_content":"","_et_gb_content_width":"1080","footnotes":""},"categories":[10],"tags":[],"class_list":["post-259477","post","type-post","status-publish","format-standard","has-post-thumbnail","hentry","category-noticias"],"_links":{"self":[{"href":"https:\/\/ugel04.gob.pe\/home\/wp-json\/wp\/v2\/posts\/259477","targetHints":{"allow":["GET"]}}],"collection":[{"href":"https:\/\/ugel04.gob.pe\/home\/wp-json\/wp\/v2\/posts"}],"about":[{"href":"https:\/\/ugel04.gob.pe\/home\/wp-json\/wp\/v2\/types\/post"}],"author":[{"embeddable":true,"href":"https:\/\/ugel04.gob.pe\/home\/wp-json\/wp\/v2\/users\/1"}],"replies":[{"embeddable":true,"href":"https:\/\/ugel04.gob.pe\/home\/wp-json\/wp\/v2\/comments?post=259477"}],"version-history":[{"count":2,"href":"https:\/\/ugel04.gob.pe\/home\/wp-json\/wp\/v2\/posts\/259477\/revisions"}],"predecessor-version":[{"id":259480,"href":"https:\/\/ugel04.gob.pe\/home\/wp-json\/wp\/v2\/posts\/259477\/revisions\/259480"}],"wp:featuredmedia":[{"embeddable":true,"href":"https:\/\/ugel04.gob.pe\/home\/wp-json\/wp\/v2\/media\/259478"}],"wp:attachment":[{"href":"https:\/\/ugel04.gob.pe\/home\/wp-json\/wp\/v2\/media?parent=259477"}],"wp:term":[{"taxonomy":"category","embeddable":true,"href":"https:\/\/ugel04.gob.pe\/home\/wp-json\/wp\/v2\/categories?post=259477"},{"taxonomy":"post_tag","embeddable":true,"href":"https:\/\/ugel04.gob.pe\/home\/wp-json\/wp\/v2\/tags?post=259477"}],"curies":[{"name":"wp","href":"https:\/\/api.w.org\/{rel}","templated":true}]}}