{"id":259472,"date":"2025-05-30T11:57:27","date_gmt":"2025-05-30T16:57:27","guid":{"rendered":"https:\/\/ugel04.gob.pe\/home\/?p=259472"},"modified":"2025-05-30T11:57:37","modified_gmt":"2025-05-30T16:57:37","slug":"se-inaugura-ie-bicentenario-2051-en-carabayllo","status":"publish","type":"post","link":"https:\/\/ugel04.gob.pe\/home\/se-inaugura-ie-bicentenario-2051-en-carabayllo\/","title":{"rendered":"SE INAUGURA IE BICENTENARIO 2051 EN CARABAYLLO"},"content":{"rendered":"<p>[et_pb_section fb_built=\u00bb1&#8243; theme_builder_area=\u00bbpost_content\u00bb _builder_version=\u00bb4.27.4&#8243; _module_preset=\u00bbdefault\u00bb da_is_popup=\u00bboff\u00bb da_exit_intent=\u00bboff\u00bb da_has_close=\u00bbon\u00bb da_alt_close=\u00bboff\u00bb da_dark_close=\u00bboff\u00bb da_not_modal=\u00bbon\u00bb da_is_singular=\u00bboff\u00bb da_with_loader=\u00bboff\u00bb da_has_shadow=\u00bbon\u00bb da_disable_devices=\u00bboff|off|off\u00bb][et_pb_row _builder_version=\u00bb4.27.4&#8243; _module_preset=\u00bbdefault\u00bb theme_builder_area=\u00bbpost_content\u00bb][et_pb_column _builder_version=\u00bb4.27.4&#8243; _module_preset=\u00bbdefault\u00bb type=\u00bb4_4&#8243; theme_builder_area=\u00bbpost_content\u00bb][et_pb_text _builder_version=\u00bb4.27.4&#8243; _module_preset=\u00bbdefault\u00bb theme_builder_area=\u00bbpost_content\u00bb hover_enabled=\u00bb0&#8243; sticky_enabled=\u00bb0&#8243;]<\/p>\n<p>En un ambiente de euforia por parte de la comunidad educativa presente, la presidenta de la Rep\u00fablica Dina Boluarte, inaugur\u00f3 la moderna infraestructura de la IE 2051, ubicada en la zona de El Progreso, en el distrito de Carabayllo -construida en marco del Proyecto Especial de Inversi\u00f3n P\u00fablica Escuelas Bicentenario (PEIP)-, la misma que cuenta con espacios innovadores destinados a garantizar el bienestar de 1040 estudiantes de inicial y primaria.<\/p>\n<p>Las nuevas instalaciones, construidas en un espacio de 3,200 metros cuadrados, con una inversi\u00f3n de S\/42,700 millones, garantizar\u00e1n un excelente a\u00f1o acad\u00e9mico a los estudiantes, facilitando a los docentes del plantel el uso de innovadoras herramientas tecnol\u00f3gicas \u00fatiles en su labor pedag\u00f3gica.<\/p>\n<p>Para el efecto, la IE 2051 posee un campo multideportivo, 2 Salas de Uso M\u00faltiple (SUM), 15 aulas de clase, 3 aulas flexibles, 2 bibliotecas, aulas de innovaci\u00f3n pedag\u00f3gica, laboratorio, t\u00f3pico, 2 patios para recreo, un dep\u00f3sito de residuos s\u00f3lidos, cocina equipada, un jard\u00edn con plantas ornamentales, un lactario, un espacio de maestranza, un sal\u00f3n de comunicaciones, entre otros espacios de beneficio educativo.<\/p>\n<p>Durante su alocuci\u00f3n, la mandataria destac\u00f3 las bondades de la IE 2051 y el beneficio de su servicio educativo que alcanza a las personas de menores recursos que habitan en las zonas circundantes de Carabayllo, un distrito en el que se han inaugurado en total 4 escuelas bicentenario.<\/p>\n<p>Asimismo, invoc\u00f3 al director de la flamante instituci\u00f3n educativa V\u00edctor Huaman\u00ed, gestionar con la comunidad educativa y con las entidades correspondiente la posibilidad de adherir el nombre del Papa Le\u00f3n XIV al que actualmente posee: 2051. Es decir, podr\u00eda llamarse en un futuro breve IE N\u00b0 2051 Papa Le\u00f3n XIV.<\/p>\n<p>Boluarte Zegarra, acompa\u00f1ada del ministro de Educaci\u00f3n Morgan Quero y del director del plantel, realiz\u00f3 un recorrido previo por las instalaciones de la escuela bicentenario, verificando la calidad de las aulas, as\u00ed como, el mobiliario, los equipos y las herramientas pedag\u00f3gicas, con las cuales se potenciar\u00e1 el servicio educativo que se imparte a favor de los alumnos.<\/p>\n<p><strong><span>Directora Nelly Cunza destaca nueva IE <\/span><\/strong><\/p>\n<p><span>Por su parte, la directora de la UGEL 04 Nelly Cunza, expres\u00f3 su alegr\u00eda por los beneficios que brindar\u00e1 esta escuela bicentenario a los estudiantes, recomendando a los directivos, docentes y escolares a cuidar la moderna obra, as\u00ed como el material pedag\u00f3gico recibido. <\/span><\/p>\n<p><span>La titular de nuestra entidad, aprovech\u00f3 las circunstancias para invocar a la comunidad educativa, principalmente a los estudiantes a sacar el m\u00e1ximo provecho a las condiciones educativas renovadas que hoy gozan, estudiando con ah\u00ednco y dedicaci\u00f3n.<\/span><\/p>\n<p>[\/et_pb_text][\/et_pb_column][\/et_pb_row][\/et_pb_section]<\/p>\n","protected":false},"excerpt":{"rendered":"<p>En un ambiente de euforia por parte de la comunidad educativa presente, la presidenta de la Rep\u00fablica Dina Boluarte, inaugur\u00f3 la moderna infraestructura de la IE 2051, ubicada en la [&hellip;]<\/p>\n","protected":false},"author":1,"featured_media":259473,"comment_status":"open","ping_status":"open","sticky":false,"template":"","format":"standard","meta":{"_et_pb_use_builder":"on","_et_pb_old_content":"","_et_gb_content_width":"1080","footnotes":""},"categories":[10],"tags":[],"class_list":["post-259472","post","type-post","status-publish","format-standard","has-post-thumbnail","hentry","category-noticias"],"_links":{"self":[{"href":"https:\/\/ugel04.gob.pe\/home\/wp-json\/wp\/v2\/posts\/259472","targetHints":{"allow":["GET"]}}],"collection":[{"href":"https:\/\/ugel04.gob.pe\/home\/wp-json\/wp\/v2\/posts"}],"about":[{"href":"https:\/\/ugel04.gob.pe\/home\/wp-json\/wp\/v2\/types\/post"}],"author":[{"embeddable":true,"href":"https:\/\/ugel04.gob.pe\/home\/wp-json\/wp\/v2\/users\/1"}],"replies":[{"embeddable":true,"href":"https:\/\/ugel04.gob.pe\/home\/wp-json\/wp\/v2\/comments?post=259472"}],"version-history":[{"count":2,"href":"https:\/\/ugel04.gob.pe\/home\/wp-json\/wp\/v2\/posts\/259472\/revisions"}],"predecessor-version":[{"id":259476,"href":"https:\/\/ugel04.gob.pe\/home\/wp-json\/wp\/v2\/posts\/259472\/revisions\/259476"}],"wp:featuredmedia":[{"embeddable":true,"href":"https:\/\/ugel04.gob.pe\/home\/wp-json\/wp\/v2\/media\/259473"}],"wp:attachment":[{"href":"https:\/\/ugel04.gob.pe\/home\/wp-json\/wp\/v2\/media?parent=259472"}],"wp:term":[{"taxonomy":"category","embeddable":true,"href":"https:\/\/ugel04.gob.pe\/home\/wp-json\/wp\/v2\/categories?post=259472"},{"taxonomy":"post_tag","embeddable":true,"href":"https:\/\/ugel04.gob.pe\/home\/wp-json\/wp\/v2\/tags?post=259472"}],"curies":[{"name":"wp","href":"https:\/\/api.w.org\/{rel}","templated":true}]}}