{"id":259457,"date":"2025-05-29T09:42:15","date_gmt":"2025-05-29T14:42:15","guid":{"rendered":"https:\/\/ugel04.gob.pe\/home\/?p=259457"},"modified":"2025-05-29T09:42:17","modified_gmt":"2025-05-29T14:42:17","slug":"escolares-de-inicial-y-pronoei-participaron-con-entusiasmo-en-actividades-de-juego-en-parques-y-espacios-abiertos","status":"publish","type":"post","link":"https:\/\/ugel04.gob.pe\/home\/escolares-de-inicial-y-pronoei-participaron-con-entusiasmo-en-actividades-de-juego-en-parques-y-espacios-abiertos\/","title":{"rendered":"ESCOLARES DE INICIAL Y PRONOEI  PARTICIPARON CON ENTUSIASMO EN ACTIVIDADES DE JUEGO EN PARQUES Y ESPACIOS ABIERTOS"},"content":{"rendered":"\n[et_pb_section fb_built=\u00bb1&#8243; theme_builder_area=\u00bbpost_content\u00bb _builder_version=\u00bb4.27.4&#8243; _module_preset=\u00bbdefault\u00bb da_is_popup=\u00bboff\u00bb da_exit_intent=\u00bboff\u00bb da_has_close=\u00bbon\u00bb da_alt_close=\u00bboff\u00bb da_dark_close=\u00bboff\u00bb da_not_modal=\u00bbon\u00bb da_is_singular=\u00bboff\u00bb da_with_loader=\u00bboff\u00bb da_has_shadow=\u00bbon\u00bb da_disable_devices=\u00bboff|off|off\u00bb][et_pb_row _builder_version=\u00bb4.27.4&#8243; _module_preset=\u00bbdefault\u00bb theme_builder_area=\u00bbpost_content\u00bb][et_pb_column _builder_version=\u00bb4.27.4&#8243; _module_preset=\u00bbdefault\u00bb type=\u00bb4_4&#8243; theme_builder_area=\u00bbpost_content\u00bb][et_pb_text _builder_version=\u00bb4.27.4&#8243; _module_preset=\u00bbdefault\u00bb theme_builder_area=\u00bbpost_content\u00bb hover_enabled=\u00bb0&#8243; sticky_enabled=\u00bb0&#8243;]<p data-start=\"406\" data-end=\"843\"><strong>Con el objetivo de promover espacios de recreaci\u00f3n, socializaci\u00f3n y desarrollo emocional para la primera infancia, diversas instituciones educativas de nivel inicial y Programas No Escolarizados (PRONOEI) de la jurisdicci\u00f3n de la UGEL 04 realizaron jornadas de \u201cJuego en los parques\u201d, congregando a ni\u00f1os, docentes, padres de familia y actores comunitarios en espacios abiertos de su localidad.<\/strong><\/p>\n<p data-start=\"845\" data-end=\"1085\">Durante estas jornadas, los ni\u00f1os y ni\u00f1as disfrutaron de din\u00e1micas de juego libre y actividades recreativas al aire libre, <strong data-start=\"968\" data-end=\"1050\">que permiten fortalecer su autonom\u00eda, interacci\u00f3n social y bienestar emocional<\/strong>, en entornos saludables y seguros.<\/p>\n<p data-start=\"1087\" data-end=\"1344\">La actividad se desarroll\u00f3 de manera organizada, contando con la participaci\u00f3n activa de directoras, docentes coordinadoras, familias y autoridades locales, quienes trabajaron en conjunto para garantizar las condiciones adecuadas y el \u00e9xito de cada jornada.<\/p>\n<p data-start=\"1346\" data-end=\"1607\">La UGEL 04 reconoce y valora el esfuerzo de toda la comunidad educativa por hacer posible estas experiencias significativas para los m\u00e1s peque\u00f1os, reafirmando su compromiso de seguir generando oportunidades que favorezcan el desarrollo integral de la ni\u00f1ez.<\/p>[\/et_pb_text][\/et_pb_column][\/et_pb_row][\/et_pb_section]\n","protected":false},"excerpt":{"rendered":"<p>Con el objetivo de promover espacios de recreaci\u00f3n, socializaci\u00f3n y desarrollo emocional para la primera infancia, diversas instituciones educativas de nivel inicial y Programas No Escolarizados (PRONOEI) de la jurisdicci\u00f3n [&hellip;]<\/p>\n","protected":false},"author":1,"featured_media":259458,"comment_status":"closed","ping_status":"closed","sticky":false,"template":"","format":"standard","meta":{"_et_pb_use_builder":"on","_et_pb_old_content":"","_et_gb_content_width":"","footnotes":""},"categories":[10],"tags":[],"class_list":["post-259457","post","type-post","status-publish","format-standard","has-post-thumbnail","hentry","category-noticias"],"_links":{"self":[{"href":"https:\/\/ugel04.gob.pe\/home\/wp-json\/wp\/v2\/posts\/259457","targetHints":{"allow":["GET"]}}],"collection":[{"href":"https:\/\/ugel04.gob.pe\/home\/wp-json\/wp\/v2\/posts"}],"about":[{"href":"https:\/\/ugel04.gob.pe\/home\/wp-json\/wp\/v2\/types\/post"}],"author":[{"embeddable":true,"href":"https:\/\/ugel04.gob.pe\/home\/wp-json\/wp\/v2\/users\/1"}],"replies":[{"embeddable":true,"href":"https:\/\/ugel04.gob.pe\/home\/wp-json\/wp\/v2\/comments?post=259457"}],"version-history":[{"count":3,"href":"https:\/\/ugel04.gob.pe\/home\/wp-json\/wp\/v2\/posts\/259457\/revisions"}],"predecessor-version":[{"id":259461,"href":"https:\/\/ugel04.gob.pe\/home\/wp-json\/wp\/v2\/posts\/259457\/revisions\/259461"}],"wp:featuredmedia":[{"embeddable":true,"href":"https:\/\/ugel04.gob.pe\/home\/wp-json\/wp\/v2\/media\/259458"}],"wp:attachment":[{"href":"https:\/\/ugel04.gob.pe\/home\/wp-json\/wp\/v2\/media?parent=259457"}],"wp:term":[{"taxonomy":"category","embeddable":true,"href":"https:\/\/ugel04.gob.pe\/home\/wp-json\/wp\/v2\/categories?post=259457"},{"taxonomy":"post_tag","embeddable":true,"href":"https:\/\/ugel04.gob.pe\/home\/wp-json\/wp\/v2\/tags?post=259457"}],"curies":[{"name":"wp","href":"https:\/\/api.w.org\/{rel}","templated":true}]}}