{"id":259451,"date":"2025-05-29T09:14:26","date_gmt":"2025-05-29T14:14:26","guid":{"rendered":"https:\/\/ugel04.gob.pe\/home\/?p=259451"},"modified":"2025-05-29T09:14:35","modified_gmt":"2025-05-29T14:14:35","slug":"ugel-04-entrego-certificados-a-docentes-y-directivos-que-culminaron-capacitaciones","status":"publish","type":"post","link":"https:\/\/ugel04.gob.pe\/home\/ugel-04-entrego-certificados-a-docentes-y-directivos-que-culminaron-capacitaciones\/","title":{"rendered":"UGEL 04 ENTREG\u00d3 CERTIFICADOS A DOCENTES Y DIRECTIVOS QUE CULMINARON CAPACITACIONES"},"content":{"rendered":"<p>[et_pb_section fb_built=\u00bb1&#8243; theme_builder_area=\u00bbpost_content\u00bb _builder_version=\u00bb4.27.4&#8243; _module_preset=\u00bbdefault\u00bb da_is_popup=\u00bboff\u00bb da_exit_intent=\u00bboff\u00bb da_has_close=\u00bbon\u00bb da_alt_close=\u00bboff\u00bb da_dark_close=\u00bboff\u00bb da_not_modal=\u00bbon\u00bb da_is_singular=\u00bboff\u00bb da_with_loader=\u00bboff\u00bb da_has_shadow=\u00bbon\u00bb da_disable_devices=\u00bboff|off|off\u00bb][et_pb_row _builder_version=\u00bb4.27.4&#8243; _module_preset=\u00bbdefault\u00bb theme_builder_area=\u00bbpost_content\u00bb][et_pb_column _builder_version=\u00bb4.27.4&#8243; _module_preset=\u00bbdefault\u00bb type=\u00bb4_4&#8243; theme_builder_area=\u00bbpost_content\u00bb][et_pb_text _builder_version=\u00bb4.27.4&#8243; _module_preset=\u00bbdefault\u00bb theme_builder_area=\u00bbpost_content\u00bb hover_enabled=\u00bb0&#8243; sticky_enabled=\u00bb0&#8243;]<\/p>\n<p><strong>La UGEL 04, a trav\u00e9s del \u00c1rea de Gesti\u00f3n de la Educaci\u00f3n B\u00e1sica Regular y Especial (AGEBRE), realiz\u00f3 una ceremonia p\u00fablica de entrega de certificados a directivos y docentes que culminaron con \u00e9xito dos importantes procesos de capacitaci\u00f3n, orientados al fortalecimiento de la innovaci\u00f3n educativa y las habilidades socioemocionales en las escuelas.<\/strong><\/p>\n<p><span>El evento se llev\u00f3 a cabo en la Instituci\u00f3n Educativa 2100 \u201cJuan Velasco Alvarado\u201d, donde se reconoci\u00f3 a los participantes del curso semipresencial \u201cInnovamos para Transformar la Escuela\u201d, desarrollado del 5 al 26 de marzo. Esta formaci\u00f3n, organizada por la UGEL 04, permiti\u00f3 a los docentes de Educaci\u00f3n B\u00e1sica Regular y Especial dise\u00f1ar proyectos de innovaci\u00f3n pedag\u00f3gica con miras a participar en el concurso nacional del Fondo Nacional de Desarrollo de la Educaci\u00f3n Peruana (FONDEP), promovido por el MINEDU.<\/span><\/p>\n<p><span>Como resultado, se presentaron 64 proyectos de innovaci\u00f3n educativa, de los cuales 8 fueron seleccionados como ganadores a nivel UGEL. En total, 125 docentes culminaron satisfactoriamente el curso, demostrando su compromiso con la mejora continua. Ante los logros obtenidos, la UGEL 04 ya proyecta una nueva edici\u00f3n del curso para el mes de noviembre, con el objetivo de seguir impulsando la innovaci\u00f3n en las instituciones educativas.<\/span><\/p>\n<p><span>Durante la misma ceremonia, tambi\u00e9n se reconoci\u00f3 a los participantes del Programa de Mejora Continua, desarrollado entre marzo y noviembre del a\u00f1o pasado por AGEBRE en coordinaci\u00f3n con la ONG CARE Per\u00fa. Este programa brind\u00f3 217 horas de formaci\u00f3n, abordando tem\u00e1ticas como habilidades socioemocionales, educaci\u00f3n sexual integral, educaci\u00f3n financiera con enfoque STEAM, proyecto de vida y tutor\u00eda y orientaci\u00f3n educativa.<\/span><\/p>\n<p><span>Los certificados entregados son v\u00e1lidos para concursos docentes y procesos de escalaf\u00f3n, lo que permite a los participantes fortalecer su expediente profesional y mejorar su desarrollo dentro del sistema educativo.<\/span><\/p>\n<p><span>El acto cont\u00f3 con la presencia del jefe del \u00c1rea AGEBRE, Jhony Ventura, as\u00ed como de representantes de CARE Per\u00fa, quienes destacaron la participaci\u00f3n activa del personal docente en ambos procesos formativos.<\/span><\/p>\n<p>[\/et_pb_text][\/et_pb_column][\/et_pb_row][\/et_pb_section]<\/p>\n","protected":false},"excerpt":{"rendered":"<p>La UGEL 04, a trav\u00e9s del \u00c1rea de Gesti\u00f3n de la Educaci\u00f3n B\u00e1sica Regular y Especial (AGEBRE), realiz\u00f3 una ceremonia p\u00fablica de entrega de certificados a directivos y docentes que [&hellip;]<\/p>\n","protected":false},"author":1,"featured_media":259452,"comment_status":"closed","ping_status":"closed","sticky":false,"template":"","format":"standard","meta":{"_et_pb_use_builder":"on","_et_pb_old_content":"","_et_gb_content_width":"","footnotes":""},"categories":[10],"tags":[],"class_list":["post-259451","post","type-post","status-publish","format-standard","has-post-thumbnail","hentry","category-noticias"],"_links":{"self":[{"href":"https:\/\/ugel04.gob.pe\/home\/wp-json\/wp\/v2\/posts\/259451","targetHints":{"allow":["GET"]}}],"collection":[{"href":"https:\/\/ugel04.gob.pe\/home\/wp-json\/wp\/v2\/posts"}],"about":[{"href":"https:\/\/ugel04.gob.pe\/home\/wp-json\/wp\/v2\/types\/post"}],"author":[{"embeddable":true,"href":"https:\/\/ugel04.gob.pe\/home\/wp-json\/wp\/v2\/users\/1"}],"replies":[{"embeddable":true,"href":"https:\/\/ugel04.gob.pe\/home\/wp-json\/wp\/v2\/comments?post=259451"}],"version-history":[{"count":2,"href":"https:\/\/ugel04.gob.pe\/home\/wp-json\/wp\/v2\/posts\/259451\/revisions"}],"predecessor-version":[{"id":259454,"href":"https:\/\/ugel04.gob.pe\/home\/wp-json\/wp\/v2\/posts\/259451\/revisions\/259454"}],"wp:featuredmedia":[{"embeddable":true,"href":"https:\/\/ugel04.gob.pe\/home\/wp-json\/wp\/v2\/media\/259452"}],"wp:attachment":[{"href":"https:\/\/ugel04.gob.pe\/home\/wp-json\/wp\/v2\/media?parent=259451"}],"wp:term":[{"taxonomy":"category","embeddable":true,"href":"https:\/\/ugel04.gob.pe\/home\/wp-json\/wp\/v2\/categories?post=259451"},{"taxonomy":"post_tag","embeddable":true,"href":"https:\/\/ugel04.gob.pe\/home\/wp-json\/wp\/v2\/tags?post=259451"}],"curies":[{"name":"wp","href":"https:\/\/api.w.org\/{rel}","templated":true}]}}