{"id":259440,"date":"2025-05-27T17:57:22","date_gmt":"2025-05-27T22:57:22","guid":{"rendered":"https:\/\/ugel04.gob.pe\/home\/?p=259440"},"modified":"2025-05-27T17:57:30","modified_gmt":"2025-05-27T22:57:30","slug":"aeroton-por-el-94-aniversario-de-la-educacion-inicial-en-el-peru","status":"publish","type":"post","link":"https:\/\/ugel04.gob.pe\/home\/aeroton-por-el-94-aniversario-de-la-educacion-inicial-en-el-peru\/","title":{"rendered":"AEROT\u00d3N POR EL 94 ANIVERSARIO DE LA EDUCACI\u00d3N INICIAL EN EL PER\u00da"},"content":{"rendered":"<p>[et_pb_section fb_built=\u00bb1&#8243; theme_builder_area=\u00bbpost_content\u00bb _builder_version=\u00bb4.27.4&#8243; _module_preset=\u00bbdefault\u00bb da_is_popup=\u00bboff\u00bb da_exit_intent=\u00bboff\u00bb da_has_close=\u00bbon\u00bb da_alt_close=\u00bboff\u00bb da_dark_close=\u00bboff\u00bb da_not_modal=\u00bbon\u00bb da_is_singular=\u00bboff\u00bb da_with_loader=\u00bboff\u00bb da_has_shadow=\u00bbon\u00bb da_disable_devices=\u00bboff|off|off\u00bb][et_pb_row _builder_version=\u00bb4.27.4&#8243; _module_preset=\u00bbdefault\u00bb theme_builder_area=\u00bbpost_content\u00bb][et_pb_column _builder_version=\u00bb4.27.4&#8243; _module_preset=\u00bbdefault\u00bb type=\u00bb4_4&#8243; theme_builder_area=\u00bbpost_content\u00bb][et_pb_text _builder_version=\u00bb4.27.4&#8243; _module_preset=\u00bbdefault\u00bb theme_builder_area=\u00bbpost_content\u00bb hover_enabled=\u00bb0&#8243; sticky_enabled=\u00bb0&#8243;]<\/p>\n<p>Con pancartas coloridas, pasos de baile y muchas sonrisas, m\u00e1s de 120 estudiantes de la Instituci\u00f3n Educativa Inicial N.\u00ba 326 \u201cMar\u00eda Montessori\u201d del distrito de Comas participaron en un animado pasacalle y Aerot\u00f3n, como parte de las celebraciones por el 94.\u00ba aniversario de la Educaci\u00f3n Inicial en el Per\u00fa.<\/p>\n<p>La actividad se desarroll\u00f3 en el frontis de sede de la UGEL 04, reuniendo a ni\u00f1os y ni\u00f1as de 3, 4 y 5 a\u00f1os, quienes desplegaron algarab\u00eda junto a sus maestras, entonando canciones y realizando divertidas coreograf\u00edas. El evento cont\u00f3 con la participaci\u00f3n del personal directivo, docente, auxiliar y administrativo del jard\u00edn, as\u00ed como con el valioso apoyo de los padres de familia, quienes colaboraron activamente con la seguridad de los menores.<\/p>\n<p>Uno de los momentos m\u00e1s esperados fue la aparici\u00f3n de \u201cUgelito\u201d, el simp\u00e1tico personaje institucional, que se rob\u00f3 el show bailando, saludando a todos y se uni\u00f3 con gran entusiasmo a cada coreograf\u00eda, sacando sonrisas y aplausos del p\u00fablico.<\/p>\n<p>La directora de la UGEL 04, Nelly Cunza, junto al jefe de AGEBRE, felicitaron a la comunidad educativa de la IEI. 326 Montessori por su destacada organizaci\u00f3n y creatividad. Asimismo, expresaron su agradecimiento a la Polic\u00eda Nacional del Per\u00fa, por garantizar la seguridad de los ni\u00f1os durante el recorrido por las calles de la Urb. Santa Isolina.<\/p>\n<p>El Aerot\u00f3n fue una verdadera fiesta pedag\u00f3gica que no solo reafirm\u00f3 el valor de la Educaci\u00f3n Inicial como base del desarrollo integral, sino que tambi\u00e9n permiti\u00f3 a los ni\u00f1os y ni\u00f1as ejercitar su motricidad gruesa, mejorar la coordinaci\u00f3n de sus movimientos y fortalecer sus habilidades f\u00edsicas de forma l\u00fadica.<\/p>\n<p>[\/et_pb_text][\/et_pb_column][\/et_pb_row][\/et_pb_section]<\/p>\n","protected":false},"excerpt":{"rendered":"<p>Con pancartas coloridas, pasos de baile y muchas sonrisas, m\u00e1s de 120 estudiantes de la Instituci\u00f3n Educativa Inicial N.\u00ba 326 \u201cMar\u00eda Montessori\u201d del distrito de Comas participaron en un animado [&hellip;]<\/p>\n","protected":false},"author":1,"featured_media":259441,"comment_status":"open","ping_status":"open","sticky":false,"template":"","format":"standard","meta":{"_et_pb_use_builder":"on","_et_pb_old_content":"","_et_gb_content_width":"1080","footnotes":""},"categories":[10],"tags":[],"class_list":["post-259440","post","type-post","status-publish","format-standard","has-post-thumbnail","hentry","category-noticias"],"_links":{"self":[{"href":"https:\/\/ugel04.gob.pe\/home\/wp-json\/wp\/v2\/posts\/259440","targetHints":{"allow":["GET"]}}],"collection":[{"href":"https:\/\/ugel04.gob.pe\/home\/wp-json\/wp\/v2\/posts"}],"about":[{"href":"https:\/\/ugel04.gob.pe\/home\/wp-json\/wp\/v2\/types\/post"}],"author":[{"embeddable":true,"href":"https:\/\/ugel04.gob.pe\/home\/wp-json\/wp\/v2\/users\/1"}],"replies":[{"embeddable":true,"href":"https:\/\/ugel04.gob.pe\/home\/wp-json\/wp\/v2\/comments?post=259440"}],"version-history":[{"count":2,"href":"https:\/\/ugel04.gob.pe\/home\/wp-json\/wp\/v2\/posts\/259440\/revisions"}],"predecessor-version":[{"id":259443,"href":"https:\/\/ugel04.gob.pe\/home\/wp-json\/wp\/v2\/posts\/259440\/revisions\/259443"}],"wp:featuredmedia":[{"embeddable":true,"href":"https:\/\/ugel04.gob.pe\/home\/wp-json\/wp\/v2\/media\/259441"}],"wp:attachment":[{"href":"https:\/\/ugel04.gob.pe\/home\/wp-json\/wp\/v2\/media?parent=259440"}],"wp:term":[{"taxonomy":"category","embeddable":true,"href":"https:\/\/ugel04.gob.pe\/home\/wp-json\/wp\/v2\/categories?post=259440"},{"taxonomy":"post_tag","embeddable":true,"href":"https:\/\/ugel04.gob.pe\/home\/wp-json\/wp\/v2\/tags?post=259440"}],"curies":[{"name":"wp","href":"https:\/\/api.w.org\/{rel}","templated":true}]}}