{"id":259424,"date":"2025-05-23T17:31:30","date_gmt":"2025-05-23T22:31:30","guid":{"rendered":"https:\/\/ugel04.gob.pe\/home\/?p=259424"},"modified":"2025-05-23T17:31:36","modified_gmt":"2025-05-23T22:31:36","slug":"se-inauguro-escuela-bicentenario-i-e-3058-virgen-de-fatima-en-carabayllo","status":"publish","type":"post","link":"https:\/\/ugel04.gob.pe\/home\/se-inauguro-escuela-bicentenario-i-e-3058-virgen-de-fatima-en-carabayllo\/","title":{"rendered":"\u00a0 SE INAUGUR\u00d3 ESCUELA BICENTENARIO I.E. 3058 VIRGEN DE F\u00c1TIMA EN CARABAYLLO"},"content":{"rendered":"<p>[et_pb_section fb_built=\u00bb1&#8243; theme_builder_area=\u00bbpost_content\u00bb _builder_version=\u00bb4.27.4&#8243; _module_preset=\u00bbdefault\u00bb da_is_popup=\u00bboff\u00bb da_exit_intent=\u00bboff\u00bb da_has_close=\u00bbon\u00bb da_alt_close=\u00bboff\u00bb da_dark_close=\u00bboff\u00bb da_not_modal=\u00bbon\u00bb da_is_singular=\u00bboff\u00bb da_with_loader=\u00bboff\u00bb da_has_shadow=\u00bbon\u00bb da_disable_devices=\u00bboff|off|off\u00bb][et_pb_row _builder_version=\u00bb4.27.4&#8243; _module_preset=\u00bbdefault\u00bb theme_builder_area=\u00bbpost_content\u00bb][et_pb_column _builder_version=\u00bb4.27.4&#8243; _module_preset=\u00bbdefault\u00bb type=\u00bb4_4&#8243; theme_builder_area=\u00bbpost_content\u00bb][et_pb_text _builder_version=\u00bb4.27.4&#8243; _module_preset=\u00bbdefault\u00bb theme_builder_area=\u00bbpost_content\u00bb hover_enabled=\u00bb0&#8243; sticky_enabled=\u00bb0&#8243;]<\/p>\n<p><strong>Con mucha alegr\u00eda, se inaugur\u00f3 la quinta Escuela Bicentenario en nuestra jurisdicci\u00f3n: la I.E.\u00a0 3058 Virgen de F\u00e1tima, en Carabayllo. Fue un d\u00eda especial, lleno de entusiasmo por parte de los estudiantes, docentes y directivos, quienes recibieron con emoci\u00f3n a las autoridades. Esta moderna infraestructura beneficiar\u00e1 a m\u00e1s de mil escolares de nivel primario.<\/strong><\/p>\n<p><span>La ceremonia fue encabezada por la presidenta de la Rep\u00fablica, Dina Boluarte, quien recorri\u00f3 las instalaciones y luego devel\u00f3 la placa conmemorativa. <\/span><\/p>\n<p><span>Tambi\u00e9n estuvieron presentes la directora de la UGEL 04, Nelly Cunza, y los jefes de \u00e1rea de la instituci\u00f3n. La directora destac\u00f3 lo importante que es esta obra para la comunidad educativa y pidi\u00f3 que todos cuidemos tanto el colegio como los materiales entregados.<\/span><\/p>\n<p><span>\u201cLa moderna Escuela Bicentenario brindar\u00e1 a nuestros estudiantes un entorno seguro, innovador y propicio para su desarrollo integral. Es una obra que debemos valorar y proteger entre todos\u201d, coment\u00f3 Cunza.<\/span><\/p>\n<p><span>La I.E. Virgen de F\u00e1tima, que fue fundada en 1959, ahora cuenta con 20 aulas de primaria, talleres de arte, biblioteca, cancha deportiva y un moderno auditorio. En total, son 1,060 estudiantes los que se beneficiar\u00e1n de estos nuevos ambientes, pensados para un aprendizaje de calidad y un mejor trabajo del personal docente y administrativo.<\/span><\/p>\n<p>[\/et_pb_text][\/et_pb_column][\/et_pb_row][\/et_pb_section]<\/p>\n","protected":false},"excerpt":{"rendered":"<p>Con mucha alegr\u00eda, se inaugur\u00f3 la quinta Escuela Bicentenario en nuestra jurisdicci\u00f3n: la I.E.\u00a0 3058 Virgen de F\u00e1tima, en Carabayllo. Fue un d\u00eda especial, lleno de entusiasmo por parte de [&hellip;]<\/p>\n","protected":false},"author":1,"featured_media":259425,"comment_status":"closed","ping_status":"closed","sticky":false,"template":"","format":"standard","meta":{"_et_pb_use_builder":"on","_et_pb_old_content":"","_et_gb_content_width":"","footnotes":""},"categories":[10],"tags":[],"class_list":["post-259424","post","type-post","status-publish","format-standard","has-post-thumbnail","hentry","category-noticias"],"_links":{"self":[{"href":"https:\/\/ugel04.gob.pe\/home\/wp-json\/wp\/v2\/posts\/259424","targetHints":{"allow":["GET"]}}],"collection":[{"href":"https:\/\/ugel04.gob.pe\/home\/wp-json\/wp\/v2\/posts"}],"about":[{"href":"https:\/\/ugel04.gob.pe\/home\/wp-json\/wp\/v2\/types\/post"}],"author":[{"embeddable":true,"href":"https:\/\/ugel04.gob.pe\/home\/wp-json\/wp\/v2\/users\/1"}],"replies":[{"embeddable":true,"href":"https:\/\/ugel04.gob.pe\/home\/wp-json\/wp\/v2\/comments?post=259424"}],"version-history":[{"count":2,"href":"https:\/\/ugel04.gob.pe\/home\/wp-json\/wp\/v2\/posts\/259424\/revisions"}],"predecessor-version":[{"id":259427,"href":"https:\/\/ugel04.gob.pe\/home\/wp-json\/wp\/v2\/posts\/259424\/revisions\/259427"}],"wp:featuredmedia":[{"embeddable":true,"href":"https:\/\/ugel04.gob.pe\/home\/wp-json\/wp\/v2\/media\/259425"}],"wp:attachment":[{"href":"https:\/\/ugel04.gob.pe\/home\/wp-json\/wp\/v2\/media?parent=259424"}],"wp:term":[{"taxonomy":"category","embeddable":true,"href":"https:\/\/ugel04.gob.pe\/home\/wp-json\/wp\/v2\/categories?post=259424"},{"taxonomy":"post_tag","embeddable":true,"href":"https:\/\/ugel04.gob.pe\/home\/wp-json\/wp\/v2\/tags?post=259424"}],"curies":[{"name":"wp","href":"https:\/\/api.w.org\/{rel}","templated":true}]}}