{"id":259413,"date":"2025-05-22T18:09:24","date_gmt":"2025-05-22T23:09:24","guid":{"rendered":"https:\/\/ugel04.gob.pe\/home\/?p=259413"},"modified":"2025-05-22T18:09:24","modified_gmt":"2025-05-22T23:09:24","slug":"docentes-se-capacitan-en-cuarta-jornada-de-asistencia-tecnica-descentralizada-y-especializada","status":"publish","type":"post","link":"https:\/\/ugel04.gob.pe\/home\/docentes-se-capacitan-en-cuarta-jornada-de-asistencia-tecnica-descentralizada-y-especializada\/","title":{"rendered":"DOCENTES SE CAPACITAN EN CUARTA JORNADA DE ASISTENCIA T\u00c9CNICA DESCENTRALIZADA Y ESPECIALIZADA"},"content":{"rendered":"<p>[et_pb_section fb_built=\u00bb1&#8243; theme_builder_area=\u00bbpost_content\u00bb _builder_version=\u00bb4.27.4&#8243; _module_preset=\u00bbdefault\u00bb da_is_popup=\u00bboff\u00bb da_exit_intent=\u00bboff\u00bb da_has_close=\u00bbon\u00bb da_alt_close=\u00bboff\u00bb da_dark_close=\u00bboff\u00bb da_not_modal=\u00bbon\u00bb da_is_singular=\u00bboff\u00bb da_with_loader=\u00bboff\u00bb da_has_shadow=\u00bbon\u00bb da_disable_devices=\u00bboff|off|off\u00bb][et_pb_row _builder_version=\u00bb4.27.4&#8243; _module_preset=\u00bbdefault\u00bb theme_builder_area=\u00bbpost_content\u00bb][et_pb_column _builder_version=\u00bb4.27.4&#8243; _module_preset=\u00bbdefault\u00bb type=\u00bb4_4&#8243; theme_builder_area=\u00bbpost_content\u00bb][et_pb_text _builder_version=\u00bb4.27.4&#8243; _module_preset=\u00bbdefault\u00bb theme_builder_area=\u00bbpost_content\u00bb hover_enabled=\u00bb0&#8243; sticky_enabled=\u00bb0&#8243;]<\/p>\n<p><strong>Con \u00e9xito se llev\u00f3 a cabo la cuarta asistencia t\u00e9cnica descentralizada dictada por especialistas de AGEBRE a los profesores de los niveles inicial, primaria, secundaria de EBR y EBE, de las REI 15, 16, 17 y 18, con el prop\u00f3sito de fortalecer sus capacidades pedag\u00f3gicas y contribuir a la mejora de los aprendizajes de los estudiantes.<\/strong><\/p>\n<p>La jornada desarrollada en marco del Plan de Fortalecimiento Docente, en la Instituci\u00f3n Educativa N\u00b0 2026 Sim\u00f3n Bol\u00edvar del distrito de Comas, promovi\u00f3 diversas estrategias de mejora en las aulas, seg\u00fan los niveles educativos:<\/p>\n<ul>\n<li><strong>En inicial<\/strong>, se trabaj\u00f3 la competencia de indagaci\u00f3n cient\u00edfica a trav\u00e9s de actividades dise\u00f1adas para ni\u00f1os de 4 a\u00f1os<\/li>\n<li><strong>En primaria<\/strong>, los docentes de tercero y cuarto grado profundizaron en metodolog\u00edas para el desarrollo de competencias clave en el aula<\/li>\n<li><strong>En secundaria<\/strong>, se abordaron pr\u00e1cticas activas con \u00e9nfasis en el uso del laboratorio, la experimentaci\u00f3n y la formulaci\u00f3n de problemas como estrategia de aprendizaje.<\/li>\n<\/ul>\n<p>Esta iniciativa reafirma el compromiso de la UGEL 04 con el desarrollo profesional de los docentes y la mejora continua del servicio educativo, asegurando que cada maestro est\u00e9 preparado para responder a los desaf\u00edos del aula y contribuir activamente a una educaci\u00f3n centrada en el bienestar y progreso de los estudiantes.<\/p>\n<p>[\/et_pb_text][\/et_pb_column][\/et_pb_row][\/et_pb_section]<\/p>\n","protected":false},"excerpt":{"rendered":"<p>Con \u00e9xito se llev\u00f3 a cabo la cuarta asistencia t\u00e9cnica descentralizada dictada por especialistas de AGEBRE a los profesores de los niveles inicial, primaria, secundaria de EBR y EBE, de [&hellip;]<\/p>\n","protected":false},"author":1,"featured_media":259414,"comment_status":"closed","ping_status":"open","sticky":false,"template":"","format":"standard","meta":{"_et_pb_use_builder":"on","_et_pb_old_content":"","_et_gb_content_width":"1080","footnotes":""},"categories":[10],"tags":[],"class_list":["post-259413","post","type-post","status-publish","format-standard","has-post-thumbnail","hentry","category-noticias"],"_links":{"self":[{"href":"https:\/\/ugel04.gob.pe\/home\/wp-json\/wp\/v2\/posts\/259413","targetHints":{"allow":["GET"]}}],"collection":[{"href":"https:\/\/ugel04.gob.pe\/home\/wp-json\/wp\/v2\/posts"}],"about":[{"href":"https:\/\/ugel04.gob.pe\/home\/wp-json\/wp\/v2\/types\/post"}],"author":[{"embeddable":true,"href":"https:\/\/ugel04.gob.pe\/home\/wp-json\/wp\/v2\/users\/1"}],"replies":[{"embeddable":true,"href":"https:\/\/ugel04.gob.pe\/home\/wp-json\/wp\/v2\/comments?post=259413"}],"version-history":[{"count":2,"href":"https:\/\/ugel04.gob.pe\/home\/wp-json\/wp\/v2\/posts\/259413\/revisions"}],"predecessor-version":[{"id":259416,"href":"https:\/\/ugel04.gob.pe\/home\/wp-json\/wp\/v2\/posts\/259413\/revisions\/259416"}],"wp:featuredmedia":[{"embeddable":true,"href":"https:\/\/ugel04.gob.pe\/home\/wp-json\/wp\/v2\/media\/259414"}],"wp:attachment":[{"href":"https:\/\/ugel04.gob.pe\/home\/wp-json\/wp\/v2\/media?parent=259413"}],"wp:term":[{"taxonomy":"category","embeddable":true,"href":"https:\/\/ugel04.gob.pe\/home\/wp-json\/wp\/v2\/categories?post=259413"},{"taxonomy":"post_tag","embeddable":true,"href":"https:\/\/ugel04.gob.pe\/home\/wp-json\/wp\/v2\/tags?post=259413"}],"curies":[{"name":"wp","href":"https:\/\/api.w.org\/{rel}","templated":true}]}}