{"id":259403,"date":"2025-05-21T11:00:00","date_gmt":"2025-05-21T16:00:00","guid":{"rendered":"https:\/\/ugel04.gob.pe\/home\/?p=259403"},"modified":"2025-05-21T11:51:37","modified_gmt":"2025-05-21T16:51:37","slug":"directivos-de-cetpro-e-ist-carlos-cueto-se-reunen-con-agebatp-para-fortalecer-la-transitabilidad-educativa","status":"publish","type":"post","link":"https:\/\/ugel04.gob.pe\/home\/directivos-de-cetpro-e-ist-carlos-cueto-se-reunen-con-agebatp-para-fortalecer-la-transitabilidad-educativa\/","title":{"rendered":"DIRECTIVOS DE CETPRO E IST CARLOS CUETO SE RE\u00daNEN CON AGEBATP PARA FORTALECER LA TRANSITABILIDAD EDUCATIVA"},"content":{"rendered":"\n[et_pb_section fb_built=\u00bb1&#8243; theme_builder_area=\u00bbpost_content\u00bb _builder_version=\u00bb4.27.4&#8243; _module_preset=\u00bbdefault\u00bb da_is_popup=\u00bboff\u00bb da_exit_intent=\u00bboff\u00bb da_has_close=\u00bbon\u00bb da_alt_close=\u00bboff\u00bb da_dark_close=\u00bboff\u00bb da_not_modal=\u00bbon\u00bb da_is_singular=\u00bboff\u00bb da_with_loader=\u00bboff\u00bb da_has_shadow=\u00bbon\u00bb da_disable_devices=\u00bboff|off|off\u00bb][et_pb_row _builder_version=\u00bb4.27.4&#8243; _module_preset=\u00bbdefault\u00bb theme_builder_area=\u00bbpost_content\u00bb][et_pb_column _builder_version=\u00bb4.27.4&#8243; _module_preset=\u00bbdefault\u00bb type=\u00bb4_4&#8243; theme_builder_area=\u00bbpost_content\u00bb][et_pb_text _builder_version=\u00bb4.27.4&#8243; _module_preset=\u00bbdefault\u00bb theme_builder_area=\u00bbpost_content\u00bb hover_enabled=\u00bb0&#8243; sticky_enabled=\u00bb0&#8243;]<p>Como parte de las acciones orientadas a mejorar la articulaci\u00f3n entre los Centros de Educaci\u00f3n T\u00e9cnico-Productiva (CETPRO) y el Instituto de Educaci\u00f3n Superior Tecnol\u00f3gico P\u00fablico Carlos Cueto Fernandini (IESTP), se llev\u00f3 a cabo la segunda reuni\u00f3n de coordinaci\u00f3n entre los directivos de dichas entidades educativas y el especialista de AGEBATP de la UGEL 04, Israel Pinto.<\/p>\n<p>El principal objetivo del encuentro fue identificar y alinear las ofertas formativas laborales para establecer criterios de transitabilidad educativa, permitiendo as\u00ed que los estudiantes contin\u00faen su formaci\u00f3n t\u00e9cnica o tecnol\u00f3gica de manera fluida, con el reconocimiento de las competencias previamente adquiridas.<\/p>\n<p>La reuni\u00f3n, realizada en las instalaciones del Instituto Carlos Cueto Fernandini, abord\u00f3 las especialidades con mayor proyecci\u00f3n para la articulaci\u00f3n, tales como: Soporte T\u00e9cnico, Servicios de Tecnolog\u00eda de la Informaci\u00f3n, Electr\u00f3nica Industrial y Electricidad. Como resultado, se acord\u00f3 la instalaci\u00f3n de mesas de trabajo por especialidad, que contar\u00e1n con la participaci\u00f3n de representantes de los CETPRO e institutos involucrados.<\/p>\n<p>Este importante acercamiento representa un paso decisivo hacia la firma de convenios interinstitucionales, en el que tambi\u00e9n tiene inter\u00e9s participar, el Instituto de Educaci\u00f3n Superior Tecnol\u00f3gico Manuel Ar\u00e9valo C\u00e1ceres, del distrito de Los Olivos, cuyos directivos estuvieron presente en la reuni\u00f3n.<\/p>\n<p>El objetivo es consolidar un sistema de continuidad educativa que ampl\u00ede y mejore las oportunidades para los estudiantes de formaci\u00f3n t\u00e9cnica.<\/p>\n<p>En este contexto, el especialista de AGEBATP destac\u00f3 el rol fundamental que deben asumir los CETPRO en el proceso, para evitar que los estudiantes interrumpan su progreso acad\u00e9mico al transitar entre diferentes niveles educativos.<\/p>\n<p>Actualmente, en la jurisdicci\u00f3n existen 12 CETPRO p\u00fablicos de enfoque t\u00e9cnico, cuyos estudiantes se beneficiar\u00edan directamente de esta iniciativa que busca consolidar una educaci\u00f3n t\u00e9cnica continua, coherente y de calidad.<\/p>[\/et_pb_text][\/et_pb_column][\/et_pb_row][\/et_pb_section]\n","protected":false},"excerpt":{"rendered":"<p>Como parte de las acciones orientadas a mejorar la articulaci\u00f3n entre los Centros de Educaci\u00f3n T\u00e9cnico-Productiva (CETPRO) y el Instituto de Educaci\u00f3n Superior Tecnol\u00f3gico P\u00fablico Carlos Cueto Fernandini (IESTP), se [&hellip;]<\/p>\n","protected":false},"author":1,"featured_media":259404,"comment_status":"open","ping_status":"open","sticky":false,"template":"","format":"standard","meta":{"_et_pb_use_builder":"on","_et_pb_old_content":"","_et_gb_content_width":"1080","footnotes":""},"categories":[10],"tags":[],"class_list":["post-259403","post","type-post","status-publish","format-standard","has-post-thumbnail","hentry","category-noticias"],"_links":{"self":[{"href":"https:\/\/ugel04.gob.pe\/home\/wp-json\/wp\/v2\/posts\/259403","targetHints":{"allow":["GET"]}}],"collection":[{"href":"https:\/\/ugel04.gob.pe\/home\/wp-json\/wp\/v2\/posts"}],"about":[{"href":"https:\/\/ugel04.gob.pe\/home\/wp-json\/wp\/v2\/types\/post"}],"author":[{"embeddable":true,"href":"https:\/\/ugel04.gob.pe\/home\/wp-json\/wp\/v2\/users\/1"}],"replies":[{"embeddable":true,"href":"https:\/\/ugel04.gob.pe\/home\/wp-json\/wp\/v2\/comments?post=259403"}],"version-history":[{"count":3,"href":"https:\/\/ugel04.gob.pe\/home\/wp-json\/wp\/v2\/posts\/259403\/revisions"}],"predecessor-version":[{"id":259407,"href":"https:\/\/ugel04.gob.pe\/home\/wp-json\/wp\/v2\/posts\/259403\/revisions\/259407"}],"wp:featuredmedia":[{"embeddable":true,"href":"https:\/\/ugel04.gob.pe\/home\/wp-json\/wp\/v2\/media\/259404"}],"wp:attachment":[{"href":"https:\/\/ugel04.gob.pe\/home\/wp-json\/wp\/v2\/media?parent=259403"}],"wp:term":[{"taxonomy":"category","embeddable":true,"href":"https:\/\/ugel04.gob.pe\/home\/wp-json\/wp\/v2\/categories?post=259403"},{"taxonomy":"post_tag","embeddable":true,"href":"https:\/\/ugel04.gob.pe\/home\/wp-json\/wp\/v2\/tags?post=259403"}],"curies":[{"name":"wp","href":"https:\/\/api.w.org\/{rel}","templated":true}]}}