{"id":259393,"date":"2025-05-20T16:15:49","date_gmt":"2025-05-20T21:15:49","guid":{"rendered":"https:\/\/ugel04.gob.pe\/home\/?p=259393"},"modified":"2025-05-20T16:18:07","modified_gmt":"2025-05-20T21:18:07","slug":"continua-segunda-jornada-de-asistencia-tecnica-descentralizada-y-especializada","status":"publish","type":"post","link":"https:\/\/ugel04.gob.pe\/home\/continua-segunda-jornada-de-asistencia-tecnica-descentralizada-y-especializada\/","title":{"rendered":"CONTIN\u00daA SEGUNDA JORNADA DE ASISTENCIA T\u00c9CNICA DESCENTRALIZADA Y ESPECIALIZADA"},"content":{"rendered":"<p>[et_pb_section fb_built=\u00bb1&#8243; theme_builder_area=\u00bbpost_content\u00bb _builder_version=\u00bb4.27.4&#8243; _module_preset=\u00bbdefault\u00bb da_is_popup=\u00bboff\u00bb da_exit_intent=\u00bboff\u00bb da_has_close=\u00bbon\u00bb da_alt_close=\u00bboff\u00bb da_dark_close=\u00bboff\u00bb da_not_modal=\u00bbon\u00bb da_is_singular=\u00bboff\u00bb da_with_loader=\u00bboff\u00bb da_has_shadow=\u00bbon\u00bb da_disable_devices=\u00bboff|off|off\u00bb][et_pb_row _builder_version=\u00bb4.27.4&#8243; _module_preset=\u00bbdefault\u00bb theme_builder_area=\u00bbpost_content\u00bb][et_pb_column _builder_version=\u00bb4.27.4&#8243; _module_preset=\u00bbdefault\u00bb type=\u00bb4_4&#8243; theme_builder_area=\u00bbpost_content\u00bb][et_pb_text _builder_version=\u00bb4.27.4&#8243; _module_preset=\u00bbdefault\u00bb theme_builder_area=\u00bbpost_content\u00bb hover_enabled=\u00bb0&#8243; sticky_enabled=\u00bb0&#8243;]<\/p>\n<p>En marco del Plan de Fortalecimiento Docente, la UGEL 04 desarroll\u00f3 con \u00e9xito el segundo d\u00eda de la asistencia t\u00e9cnica descentralizada y especializada dirigida en esta oportunidad a docentes de los niveles inicial, primaria y secundaria de EBR y EBE, pertenecientes a las REI 1, 2, 3, 4, 5 y 6, con el prop\u00f3sito de reforzar sus competencias pedag\u00f3gicas y asegurar una educaci\u00f3n de calidad para los estudiantes.<\/p>\n<p>Durante la jornada desarrollada en la Instituci\u00f3n Educativa N.\u00b0 3088 Vista Alegre del distrito de Puente Piedra, se fortalecieron pr\u00e1cticas pedag\u00f3gicas en los tres niveles educativos:<\/p>\n<ul>\n<li>En inicial, se promovi\u00f3 la competencia de indagaci\u00f3n cient\u00edfica mediante actividades dirigidas a ni\u00f1os de 4 a\u00f1os.<\/li>\n<li>En primaria, los docentes de tercero y cuarto grado trabajaron estrategias para potenciar el desarrollo de competencias acad\u00e9micas.<\/li>\n<li>En secundaria, se abordaron metodolog\u00edas activas con \u00e9nfasis en el uso del laboratorio, la experimentaci\u00f3n y el desarrollo de la problematizaci\u00f3n en el aula.<\/li>\n<\/ul>\n<p>Estas acciones forman parte del compromiso de la UGEL 04 para fortalecer las capacidades docentes y mejorar la calidad educativa, asegurando que cada maestro cuente con las herramientas necesarias para impulsar el aprendizaje de sus estudiantes y contribuir al desarrollo integral de la comunidad educativa.<\/p>\n<p>[\/et_pb_text][\/et_pb_column][\/et_pb_row][\/et_pb_section]<\/p>\n","protected":false},"excerpt":{"rendered":"<p>En marco del Plan de Fortalecimiento Docente, la UGEL 04 desarroll\u00f3 con \u00e9xito el segundo d\u00eda de la asistencia t\u00e9cnica descentralizada y especializada dirigida en esta oportunidad a docentes de [&hellip;]<\/p>\n","protected":false},"author":1,"featured_media":259394,"comment_status":"closed","ping_status":"open","sticky":false,"template":"","format":"standard","meta":{"_et_pb_use_builder":"on","_et_pb_old_content":"","_et_gb_content_width":"1080","footnotes":""},"categories":[10],"tags":[],"class_list":["post-259393","post","type-post","status-publish","format-standard","has-post-thumbnail","hentry","category-noticias"],"_links":{"self":[{"href":"https:\/\/ugel04.gob.pe\/home\/wp-json\/wp\/v2\/posts\/259393","targetHints":{"allow":["GET"]}}],"collection":[{"href":"https:\/\/ugel04.gob.pe\/home\/wp-json\/wp\/v2\/posts"}],"about":[{"href":"https:\/\/ugel04.gob.pe\/home\/wp-json\/wp\/v2\/types\/post"}],"author":[{"embeddable":true,"href":"https:\/\/ugel04.gob.pe\/home\/wp-json\/wp\/v2\/users\/1"}],"replies":[{"embeddable":true,"href":"https:\/\/ugel04.gob.pe\/home\/wp-json\/wp\/v2\/comments?post=259393"}],"version-history":[{"count":2,"href":"https:\/\/ugel04.gob.pe\/home\/wp-json\/wp\/v2\/posts\/259393\/revisions"}],"predecessor-version":[{"id":259396,"href":"https:\/\/ugel04.gob.pe\/home\/wp-json\/wp\/v2\/posts\/259393\/revisions\/259396"}],"wp:featuredmedia":[{"embeddable":true,"href":"https:\/\/ugel04.gob.pe\/home\/wp-json\/wp\/v2\/media\/259394"}],"wp:attachment":[{"href":"https:\/\/ugel04.gob.pe\/home\/wp-json\/wp\/v2\/media?parent=259393"}],"wp:term":[{"taxonomy":"category","embeddable":true,"href":"https:\/\/ugel04.gob.pe\/home\/wp-json\/wp\/v2\/categories?post=259393"},{"taxonomy":"post_tag","embeddable":true,"href":"https:\/\/ugel04.gob.pe\/home\/wp-json\/wp\/v2\/tags?post=259393"}],"curies":[{"name":"wp","href":"https:\/\/api.w.org\/{rel}","templated":true}]}}