{"id":259360,"date":"2025-05-15T15:06:00","date_gmt":"2025-05-15T20:06:00","guid":{"rendered":"https:\/\/ugel04.gob.pe\/home\/?p=259360"},"modified":"2025-05-16T10:07:52","modified_gmt":"2025-05-16T15:07:52","slug":"directores-de-ie-publicas-fortalecen-capacidades-sobre-prevencion-y-seguridad-escolar","status":"publish","type":"post","link":"https:\/\/ugel04.gob.pe\/home\/directores-de-ie-publicas-fortalecen-capacidades-sobre-prevencion-y-seguridad-escolar\/","title":{"rendered":"DIRECTORES DE IE P\u00daBLICAS FORTALECEN CAPACIDADES SOBRE PREVENCI\u00d3N Y SEGURIDAD ESCOLAR"},"content":{"rendered":"<p>[et_pb_section fb_built=\u00bb1&#8243; theme_builder_area=\u00bbpost_content\u00bb _builder_version=\u00bb4.27.4&#8243; _module_preset=\u00bbdefault\u00bb da_is_popup=\u00bboff\u00bb da_exit_intent=\u00bboff\u00bb da_has_close=\u00bbon\u00bb da_alt_close=\u00bboff\u00bb da_dark_close=\u00bboff\u00bb da_not_modal=\u00bbon\u00bb da_is_singular=\u00bboff\u00bb da_with_loader=\u00bboff\u00bb da_has_shadow=\u00bbon\u00bb da_disable_devices=\u00bboff|off|off\u00bb][et_pb_row _builder_version=\u00bb4.27.4&#8243; _module_preset=\u00bbdefault\u00bb theme_builder_area=\u00bbpost_content\u00bb][et_pb_column _builder_version=\u00bb4.27.4&#8243; _module_preset=\u00bbdefault\u00bb type=\u00bb4_4&#8243; theme_builder_area=\u00bbpost_content\u00bb][et_pb_text _builder_version=\u00bb4.27.4&#8243; _module_preset=\u00bbdefault\u00bb theme_builder_area=\u00bbpost_content\u00bb hover_enabled=\u00bb0&#8243; sticky_enabled=\u00bb0&#8243;]<\/p>\n<p><strong>Directores y coordinadores de Redes Educativas Institucionales (REI) de la jurisdicci\u00f3n UGEL 04 participaron en una jornada formativa sobre seguridad escolar y programas preventivos, organizada por la Direcci\u00f3n Regional de Educaci\u00f3n de Lima Metropolitana (DRELM) en articulaci\u00f3n con la Polic\u00eda Nacional del Per\u00fa (PNP).<\/strong><\/p>\n<p>La actividad llevada a cabo en el auditorio de la I.E. 2026 Sim\u00f3n Bol\u00edvar, tuvo como tema central el fortalecimiento de las Brigadas de Autoprotecci\u00f3n Escolar (BAPE) y la socializaci\u00f3n de programas preventivos impulsados por la PNP, como la Polic\u00eda Escolar, las patrullas juveniles y acciones de convivencia pac\u00edfica en las escuelas.<\/p>\n<p>Durante la jornada, el representante de la PNP ofreci\u00f3 orientaciones clave sobre la organizaci\u00f3n interna de las brigadas, la funci\u00f3n preventiva que cumplen los estudiantes brigadistas, y las rutas de actuaci\u00f3n ante situaciones de emergencia, violencia o riesgo en el entorno escolar. Asimismo, se reforz\u00f3 la importancia del trabajo articulado entre comunidad educativa, familia y autoridades para promover escuelas m\u00e1s seguras y protectoras.<\/p>\n<p>La capacitaci\u00f3n tambi\u00e9n incluy\u00f3 recomendaciones para la elaboraci\u00f3n y actualizaci\u00f3n de planes de seguridad escolar, as\u00ed como, la integraci\u00f3n de estos en la gesti\u00f3n institucional de cada escuela<\/p>\n<p>Durante la charla, el jefe del AGEBRE \u2013 UGEL 04, aprovech\u00f3 la oportunidad para presentar de manera preliminar el nuevo Proyecto de Innovaci\u00f3n Educativa \u201cEscuelas de Bienestar que Aseguran el Buen Vivir\u201d, una iniciativa institucional que ser\u00e1 lanzada en las pr\u00f3ximas semanas y que buscar\u00e1 mejorar las condiciones de bienestar integral en instituciones educativas focalizadas.<\/p>\n<p>Con estas acciones formativas, se reafirma la prevenci\u00f3n, protecci\u00f3n y el desarrollo de entornos escolares seguros, fortaleciendo la gesti\u00f3n directiva en beneficio de toda la comunidad educativa.<\/p>\n<p>[\/et_pb_text][\/et_pb_column][\/et_pb_row][\/et_pb_section]<\/p>\n","protected":false},"excerpt":{"rendered":"<p>Directores y coordinadores de Redes Educativas Institucionales (REI) de la jurisdicci\u00f3n UGEL 04 participaron en una jornada formativa sobre seguridad escolar y programas preventivos, organizada por la Direcci\u00f3n Regional de [&hellip;]<\/p>\n","protected":false},"author":1,"featured_media":259346,"comment_status":"closed","ping_status":"closed","sticky":false,"template":"","format":"standard","meta":{"_et_pb_use_builder":"on","_et_pb_old_content":"","_et_gb_content_width":"","footnotes":""},"categories":[10],"tags":[],"class_list":["post-259360","post","type-post","status-publish","format-standard","has-post-thumbnail","hentry","category-noticias"],"_links":{"self":[{"href":"https:\/\/ugel04.gob.pe\/home\/wp-json\/wp\/v2\/posts\/259360","targetHints":{"allow":["GET"]}}],"collection":[{"href":"https:\/\/ugel04.gob.pe\/home\/wp-json\/wp\/v2\/posts"}],"about":[{"href":"https:\/\/ugel04.gob.pe\/home\/wp-json\/wp\/v2\/types\/post"}],"author":[{"embeddable":true,"href":"https:\/\/ugel04.gob.pe\/home\/wp-json\/wp\/v2\/users\/1"}],"replies":[{"embeddable":true,"href":"https:\/\/ugel04.gob.pe\/home\/wp-json\/wp\/v2\/comments?post=259360"}],"version-history":[{"count":3,"href":"https:\/\/ugel04.gob.pe\/home\/wp-json\/wp\/v2\/posts\/259360\/revisions"}],"predecessor-version":[{"id":259363,"href":"https:\/\/ugel04.gob.pe\/home\/wp-json\/wp\/v2\/posts\/259360\/revisions\/259363"}],"wp:featuredmedia":[{"embeddable":true,"href":"https:\/\/ugel04.gob.pe\/home\/wp-json\/wp\/v2\/media\/259346"}],"wp:attachment":[{"href":"https:\/\/ugel04.gob.pe\/home\/wp-json\/wp\/v2\/media?parent=259360"}],"wp:term":[{"taxonomy":"category","embeddable":true,"href":"https:\/\/ugel04.gob.pe\/home\/wp-json\/wp\/v2\/categories?post=259360"},{"taxonomy":"post_tag","embeddable":true,"href":"https:\/\/ugel04.gob.pe\/home\/wp-json\/wp\/v2\/tags?post=259360"}],"curies":[{"name":"wp","href":"https:\/\/api.w.org\/{rel}","templated":true}]}}