{"id":259356,"date":"2025-05-16T09:13:13","date_gmt":"2025-05-16T14:13:13","guid":{"rendered":"https:\/\/ugel04.gob.pe\/home\/?p=259356"},"modified":"2025-05-16T09:14:41","modified_gmt":"2025-05-16T14:14:41","slug":"modelo-exitoso-de-cetpro-juana-iris-se-exhibe-ante-especialista-de-disertpa","status":"publish","type":"post","link":"https:\/\/ugel04.gob.pe\/home\/modelo-exitoso-de-cetpro-juana-iris-se-exhibe-ante-especialista-de-disertpa\/","title":{"rendered":"MODELO EXITOSO DE CETPRO JUANA IRIS SE EXHIBE ANTE ESPECIALISTA DE DISERTPA"},"content":{"rendered":"<p>[et_pb_section fb_built=\u00bb1&#8243; theme_builder_area=\u00bbpost_content\u00bb _builder_version=\u00bb4.27.4&#8243; _module_preset=\u00bbdefault\u00bb da_is_popup=\u00bboff\u00bb da_exit_intent=\u00bboff\u00bb da_has_close=\u00bbon\u00bb da_alt_close=\u00bboff\u00bb da_dark_close=\u00bboff\u00bb da_not_modal=\u00bbon\u00bb da_is_singular=\u00bboff\u00bb da_with_loader=\u00bboff\u00bb da_has_shadow=\u00bbon\u00bb da_disable_devices=\u00bboff|off|off\u00bb][et_pb_row _builder_version=\u00bb4.27.4&#8243; _module_preset=\u00bbdefault\u00bb theme_builder_area=\u00bbpost_content\u00bb][et_pb_column _builder_version=\u00bb4.27.4&#8243; _module_preset=\u00bbdefault\u00bb type=\u00bb4_4&#8243; theme_builder_area=\u00bbpost_content\u00bb][et_pb_text _builder_version=\u00bb4.27.4&#8243; _module_preset=\u00bbdefault\u00bb theme_builder_area=\u00bbpost_content\u00bb hover_enabled=\u00bb0&#8243; sticky_enabled=\u00bb0&#8243;]<\/p>\n<p>Como parte del fortalecimiento de la educaci\u00f3n t\u00e9cnico-productiva, el CETPRO Juana Iris Cuadros Rivera recibi\u00f3 la visita de un especialista de la Direcci\u00f3n de Servicios de Educaci\u00f3n T\u00e9cnico-Productiva y Superior Tecnol\u00f3gica y Art\u00edstica (DISERTPA) del Ministerio de Educaci\u00f3n, quien acudi\u00f3 con la finalidad de conocer el modelo de gesti\u00f3n, la vinculaci\u00f3n con el sector productivo y las estrategias implementadas por esta casa de estudios, para equipar las aulas y los talleres.<\/p>\n<p>El director del CETPRO, Veato Arias, destac\u00f3 los logros obtenidos mediante alianzas con empresas privadas, lo que ha permitido mejorar los espacios formativos y preparar mano de obra calificada acorde con las demandas del mercado laboral.<\/p>\n<p>Tambi\u00e9n se abord\u00f3 la importancia de la transitabilidad entre colegios, CETPRO e Institutos, y el rol de la Certificaci\u00f3n M\u00faltiple para facilitar el acceso a la educaci\u00f3n superior t\u00e9cnica y mejorar la empleabilidad de los egresados.<\/p>\n<p>Posteriormente, el representante del Minedu recorri\u00f3 las instalaciones y valor\u00f3 positivamente el nivel de equipamiento, la calidad pedag\u00f3gica y el compromiso institucional.<\/p>\n<p>Cabe destacar que, este tipo de visitas permiten recoger experiencias que fortalecen las pol\u00edticas p\u00fablicas en beneficio de los estudiantes del pa\u00eds, mediante la r\u00e9plica del modelo en otros CETPRO de Lima Metropolitana.<\/p>\n<p>Como parte de la jornada, el director del CETPRO, junto a la subdirectora y el chef de cocina, participaron como jurado en la especialidad de Panader\u00eda y Pasteler\u00eda. En esta actividad, los estudiantes presentaron sus productos y explicaron lo aprendido durante su formaci\u00f3n, demostrando creatividad, t\u00e9cnica de lo aprendido.<\/p>\n<p>[\/et_pb_text][\/et_pb_column][\/et_pb_row][\/et_pb_section]<\/p>\n","protected":false},"excerpt":{"rendered":"<p>Como parte del fortalecimiento de la educaci\u00f3n t\u00e9cnico-productiva, el CETPRO Juana Iris Cuadros Rivera recibi\u00f3 la visita de un especialista de la Direcci\u00f3n de Servicios de Educaci\u00f3n T\u00e9cnico-Productiva y Superior [&hellip;]<\/p>\n","protected":false},"author":1,"featured_media":259357,"comment_status":"open","ping_status":"open","sticky":false,"template":"","format":"standard","meta":{"_et_pb_use_builder":"on","_et_pb_old_content":"","_et_gb_content_width":"1080","footnotes":""},"categories":[10],"tags":[],"class_list":["post-259356","post","type-post","status-publish","format-standard","has-post-thumbnail","hentry","category-noticias"],"_links":{"self":[{"href":"https:\/\/ugel04.gob.pe\/home\/wp-json\/wp\/v2\/posts\/259356","targetHints":{"allow":["GET"]}}],"collection":[{"href":"https:\/\/ugel04.gob.pe\/home\/wp-json\/wp\/v2\/posts"}],"about":[{"href":"https:\/\/ugel04.gob.pe\/home\/wp-json\/wp\/v2\/types\/post"}],"author":[{"embeddable":true,"href":"https:\/\/ugel04.gob.pe\/home\/wp-json\/wp\/v2\/users\/1"}],"replies":[{"embeddable":true,"href":"https:\/\/ugel04.gob.pe\/home\/wp-json\/wp\/v2\/comments?post=259356"}],"version-history":[{"count":2,"href":"https:\/\/ugel04.gob.pe\/home\/wp-json\/wp\/v2\/posts\/259356\/revisions"}],"predecessor-version":[{"id":259359,"href":"https:\/\/ugel04.gob.pe\/home\/wp-json\/wp\/v2\/posts\/259356\/revisions\/259359"}],"wp:featuredmedia":[{"embeddable":true,"href":"https:\/\/ugel04.gob.pe\/home\/wp-json\/wp\/v2\/media\/259357"}],"wp:attachment":[{"href":"https:\/\/ugel04.gob.pe\/home\/wp-json\/wp\/v2\/media?parent=259356"}],"wp:term":[{"taxonomy":"category","embeddable":true,"href":"https:\/\/ugel04.gob.pe\/home\/wp-json\/wp\/v2\/categories?post=259356"},{"taxonomy":"post_tag","embeddable":true,"href":"https:\/\/ugel04.gob.pe\/home\/wp-json\/wp\/v2\/tags?post=259356"}],"curies":[{"name":"wp","href":"https:\/\/api.w.org\/{rel}","templated":true}]}}