{"id":259331,"date":"2025-05-14T15:07:57","date_gmt":"2025-05-14T20:07:57","guid":{"rendered":"https:\/\/ugel04.gob.pe\/home\/?p=259331"},"modified":"2025-05-14T15:08:14","modified_gmt":"2025-05-14T20:08:14","slug":"ii-ee-de-la-ugel-04-continuan-clases-remotas-pese-al-paro-nacional","status":"publish","type":"post","link":"https:\/\/ugel04.gob.pe\/home\/ii-ee-de-la-ugel-04-continuan-clases-remotas-pese-al-paro-nacional\/","title":{"rendered":"II.EE. DE LA UGEL 04 CONTIN\u00daAN CLASES REMOTAS PESE AL PARO NACIONAL"},"content":{"rendered":"<p>[et_pb_section fb_built=\u00bb1&#8243; theme_builder_area=\u00bbpost_content\u00bb _builder_version=\u00bb4.27.4&#8243; _module_preset=\u00bbdefault\u00bb da_is_popup=\u00bboff\u00bb da_exit_intent=\u00bboff\u00bb da_has_close=\u00bbon\u00bb da_alt_close=\u00bboff\u00bb da_dark_close=\u00bboff\u00bb da_not_modal=\u00bbon\u00bb da_is_singular=\u00bboff\u00bb da_with_loader=\u00bboff\u00bb da_has_shadow=\u00bbon\u00bb da_disable_devices=\u00bboff|off|off\u00bb][et_pb_row _builder_version=\u00bb4.27.4&#8243; _module_preset=\u00bbdefault\u00bb theme_builder_area=\u00bbpost_content\u00bb][et_pb_column _builder_version=\u00bb4.27.4&#8243; _module_preset=\u00bbdefault\u00bb type=\u00bb4_4&#8243; theme_builder_area=\u00bbpost_content\u00bb][et_pb_text _builder_version=\u00bb4.27.4&#8243; _module_preset=\u00bbdefault\u00bb theme_builder_area=\u00bbpost_content\u00bb hover_enabled=\u00bb0&#8243; sticky_enabled=\u00bb0&#8243;]<\/p>\n<p>Ante el paro nacional, las instituciones educativas p\u00fablicas y privadas de la jurisdicci\u00f3n de la UGEL 04 vienen desarrollando sus clases de manera remota, asegurando la continuidad del servicio educativo.<\/p>\n<p>Los docentes se conectan con sus estudiantes a trav\u00e9s de redes sociales, plataformas como Zoom, Meet, WhatsApp y videollamadas, manteniendo as\u00ed el trabajo pedag\u00f3gico.<\/p>\n<p>Esta labor es monitoreada por los directivos de las instituciones educativas y los especialistas del \u00c1rea de Gesti\u00f3n de la Educaci\u00f3n B\u00e1sica Regular (AGEBRE), quienes supervisan el cumplimiento de esta medida. De esta manera, se garantiza la continuidad de los aprendizajes en beneficio de todos los estudiantes.<\/p>\n<p>[\/et_pb_text][\/et_pb_column][\/et_pb_row][\/et_pb_section]<\/p>\n","protected":false},"excerpt":{"rendered":"<p>Ante el paro nacional, las instituciones educativas p\u00fablicas y privadas de la jurisdicci\u00f3n de la UGEL 04 vienen desarrollando sus clases de manera remota, asegurando la continuidad del servicio educativo. [&hellip;]<\/p>\n","protected":false},"author":1,"featured_media":259333,"comment_status":"closed","ping_status":"closed","sticky":false,"template":"","format":"standard","meta":{"_et_pb_use_builder":"on","_et_pb_old_content":"","_et_gb_content_width":"","footnotes":""},"categories":[10],"tags":[],"class_list":["post-259331","post","type-post","status-publish","format-standard","has-post-thumbnail","hentry","category-noticias"],"_links":{"self":[{"href":"https:\/\/ugel04.gob.pe\/home\/wp-json\/wp\/v2\/posts\/259331","targetHints":{"allow":["GET"]}}],"collection":[{"href":"https:\/\/ugel04.gob.pe\/home\/wp-json\/wp\/v2\/posts"}],"about":[{"href":"https:\/\/ugel04.gob.pe\/home\/wp-json\/wp\/v2\/types\/post"}],"author":[{"embeddable":true,"href":"https:\/\/ugel04.gob.pe\/home\/wp-json\/wp\/v2\/users\/1"}],"replies":[{"embeddable":true,"href":"https:\/\/ugel04.gob.pe\/home\/wp-json\/wp\/v2\/comments?post=259331"}],"version-history":[{"count":2,"href":"https:\/\/ugel04.gob.pe\/home\/wp-json\/wp\/v2\/posts\/259331\/revisions"}],"predecessor-version":[{"id":259334,"href":"https:\/\/ugel04.gob.pe\/home\/wp-json\/wp\/v2\/posts\/259331\/revisions\/259334"}],"wp:featuredmedia":[{"embeddable":true,"href":"https:\/\/ugel04.gob.pe\/home\/wp-json\/wp\/v2\/media\/259333"}],"wp:attachment":[{"href":"https:\/\/ugel04.gob.pe\/home\/wp-json\/wp\/v2\/media?parent=259331"}],"wp:term":[{"taxonomy":"category","embeddable":true,"href":"https:\/\/ugel04.gob.pe\/home\/wp-json\/wp\/v2\/categories?post=259331"},{"taxonomy":"post_tag","embeddable":true,"href":"https:\/\/ugel04.gob.pe\/home\/wp-json\/wp\/v2\/tags?post=259331"}],"curies":[{"name":"wp","href":"https:\/\/api.w.org\/{rel}","templated":true}]}}