{"id":259288,"date":"2025-05-08T12:15:52","date_gmt":"2025-05-08T17:15:52","guid":{"rendered":"https:\/\/ugel04.gob.pe\/home\/?p=259288"},"modified":"2025-05-08T12:15:59","modified_gmt":"2025-05-08T17:15:59","slug":"ugel-04-entrega-terreno-para-expansion-de-nivel-primaria-de-la-ie-divino-nino-del-milagro","status":"publish","type":"post","link":"https:\/\/ugel04.gob.pe\/home\/ugel-04-entrega-terreno-para-expansion-de-nivel-primaria-de-la-ie-divino-nino-del-milagro\/","title":{"rendered":"UGEL 04 ENTREGA TERRENO PARA EXPANSI\u00d3N DE NIVEL PRIMARIA DE LA IE. \u201cDIVINO NI\u00d1O DEL MILAGRO"},"content":{"rendered":"<p>[et_pb_section fb_built=\u00bb1&#8243; theme_builder_area=\u00bbpost_content\u00bb _builder_version=\u00bb4.27.4&#8243; _module_preset=\u00bbdefault\u00bb da_is_popup=\u00bboff\u00bb da_exit_intent=\u00bboff\u00bb da_has_close=\u00bbon\u00bb da_alt_close=\u00bboff\u00bb da_dark_close=\u00bboff\u00bb da_not_modal=\u00bbon\u00bb da_is_singular=\u00bboff\u00bb da_with_loader=\u00bboff\u00bb da_has_shadow=\u00bbon\u00bb da_disable_devices=\u00bboff|off|off\u00bb][et_pb_row _builder_version=\u00bb4.27.4&#8243; _module_preset=\u00bbdefault\u00bb theme_builder_area=\u00bbpost_content\u00bb][et_pb_column _builder_version=\u00bb4.27.4&#8243; _module_preset=\u00bbdefault\u00bb type=\u00bb4_4&#8243; theme_builder_area=\u00bbpost_content\u00bb][et_pb_text _builder_version=\u00bb4.27.4&#8243; _module_preset=\u00bbdefault\u00bb theme_builder_area=\u00bbpost_content\u00bb hover_enabled=\u00bb0&#8243; sticky_enabled=\u00bb0&#8243;]<\/p>\n<p>Con el firme prop\u00f3sito de seguir mejorando las condiciones de servicio educativo en nuestra jurisdicci\u00f3n, la UGEL 04 concret\u00f3 la entrega de un terreno de 3,931.30 metros cuadrados a la IE \u201cDivino Ni\u00f1o del Milagro\u201d, ubicado en el distrito de Santa Rosa. Este espacio, ubicado en la Mz. D1, Lte. 16, de la Asociaci\u00f3n de Vivienda <span>Productiva La Arboleda, permitir\u00e1 la implementaci\u00f3n de un nuevo anexo para el nivel primaria.<\/span><\/p>\n<p><span>El predio, inscrito en la Partida Registral N.\u00ba P01410333 de la Oficina Registral N.\u00ba IX \u2013 Sede Lima, se encuentra actualmente desocupado y representa una oportunidad clave para ampliar la infraestructura educativa, permitiendo brindar un entorno m\u00e1s adecuado para el aprendizaje de cientos de estudiantes.<\/span><\/p>\n<p>Durante la ceremonia simb\u00f3lica de entrega, desarrollada en el mismo lugar, la directora de la UGEL 04 Nelly Cunza, destac\u00f3 el compromiso de nuestra entidad con la educaci\u00f3n p\u00fablica y el fortalecimiento de la infraestructura escolar. Acompa\u00f1aron el acto la directora del plantel y un grupo de padres de familia, quienes expresaron su entusiasmo por este paso importante hacia la mejora del servicio educativo.<\/p>\n<p>Cabe resaltar que, la UGEL 04 a trav\u00e9s del Equipo de Patrimonio, viene supervisando y recuperando diversos espacios destinados al sector educaci\u00f3n que se encuentran ubicados en nuestra jurisdicci\u00f3n, para luego destinarlos a su correcto uso, en beneficio de miles de estudiantes.<\/p>\n<p>[\/et_pb_text][\/et_pb_column][\/et_pb_row][\/et_pb_section]<\/p>\n","protected":false},"excerpt":{"rendered":"<p>Con el firme prop\u00f3sito de seguir mejorando las condiciones de servicio educativo en nuestra jurisdicci\u00f3n, la UGEL 04 concret\u00f3 la entrega de un terreno de 3,931.30 metros cuadrados a la [&hellip;]<\/p>\n","protected":false},"author":1,"featured_media":259289,"comment_status":"open","ping_status":"open","sticky":false,"template":"","format":"standard","meta":{"_et_pb_use_builder":"on","_et_pb_old_content":"","_et_gb_content_width":"1080","footnotes":""},"categories":[10],"tags":[],"class_list":["post-259288","post","type-post","status-publish","format-standard","has-post-thumbnail","hentry","category-noticias"],"_links":{"self":[{"href":"https:\/\/ugel04.gob.pe\/home\/wp-json\/wp\/v2\/posts\/259288","targetHints":{"allow":["GET"]}}],"collection":[{"href":"https:\/\/ugel04.gob.pe\/home\/wp-json\/wp\/v2\/posts"}],"about":[{"href":"https:\/\/ugel04.gob.pe\/home\/wp-json\/wp\/v2\/types\/post"}],"author":[{"embeddable":true,"href":"https:\/\/ugel04.gob.pe\/home\/wp-json\/wp\/v2\/users\/1"}],"replies":[{"embeddable":true,"href":"https:\/\/ugel04.gob.pe\/home\/wp-json\/wp\/v2\/comments?post=259288"}],"version-history":[{"count":2,"href":"https:\/\/ugel04.gob.pe\/home\/wp-json\/wp\/v2\/posts\/259288\/revisions"}],"predecessor-version":[{"id":259291,"href":"https:\/\/ugel04.gob.pe\/home\/wp-json\/wp\/v2\/posts\/259288\/revisions\/259291"}],"wp:featuredmedia":[{"embeddable":true,"href":"https:\/\/ugel04.gob.pe\/home\/wp-json\/wp\/v2\/media\/259289"}],"wp:attachment":[{"href":"https:\/\/ugel04.gob.pe\/home\/wp-json\/wp\/v2\/media?parent=259288"}],"wp:term":[{"taxonomy":"category","embeddable":true,"href":"https:\/\/ugel04.gob.pe\/home\/wp-json\/wp\/v2\/categories?post=259288"},{"taxonomy":"post_tag","embeddable":true,"href":"https:\/\/ugel04.gob.pe\/home\/wp-json\/wp\/v2\/tags?post=259288"}],"curies":[{"name":"wp","href":"https:\/\/api.w.org\/{rel}","templated":true}]}}