{"id":259281,"date":"2025-05-07T17:42:41","date_gmt":"2025-05-07T22:42:41","guid":{"rendered":"https:\/\/ugel04.gob.pe\/home\/?p=259281"},"modified":"2025-05-07T17:42:41","modified_gmt":"2025-05-07T22:42:41","slug":"colegio-torre-blanca-y-corte-de-lima-norte-realizan-charlas-educativas-contra-la-violencia","status":"publish","type":"post","link":"https:\/\/ugel04.gob.pe\/home\/colegio-torre-blanca-y-corte-de-lima-norte-realizan-charlas-educativas-contra-la-violencia\/","title":{"rendered":"COLEGIO TORRE BLANCA Y CORTE DE LIMA NORTE REALIZAN CHARLAS EDUCATIVAS CONTRA LA VIOLENCIA"},"content":{"rendered":"<p>[et_pb_section fb_built=\u00bb1&#8243; theme_builder_area=\u00bbpost_content\u00bb _builder_version=\u00bb4.27.4&#8243; _module_preset=\u00bbdefault\u00bb da_is_popup=\u00bboff\u00bb da_exit_intent=\u00bboff\u00bb da_has_close=\u00bbon\u00bb da_alt_close=\u00bboff\u00bb da_dark_close=\u00bboff\u00bb da_not_modal=\u00bbon\u00bb da_is_singular=\u00bboff\u00bb da_with_loader=\u00bboff\u00bb da_has_shadow=\u00bbon\u00bb da_disable_devices=\u00bboff|off|off\u00bb][et_pb_row _builder_version=\u00bb4.27.4&#8243; _module_preset=\u00bbdefault\u00bb theme_builder_area=\u00bbpost_content\u00bb][et_pb_column _builder_version=\u00bb4.27.4&#8243; _module_preset=\u00bbdefault\u00bb type=\u00bb4_4&#8243; theme_builder_area=\u00bbpost_content\u00bb][et_pb_text _builder_version=\u00bb4.27.4&#8243; _module_preset=\u00bbdefault\u00bb theme_builder_area=\u00bbpost_content\u00bb hover_enabled=\u00bb0&#8243; sticky_enabled=\u00bb0&#8243;]<\/p>\n<p><strong>El director del Colegio Torre Blanca, del distrito de Carabayllo, organiz\u00f3 una jornada de charlas educativas dirigidas a estudiantes y padres de familia, en coordinaci\u00f3n con la Corte Superior de Justicia de Lima Norte.<\/strong><\/p>\n<p>El evento, desarrollado en el patio del colegio, reuni\u00f3 a m\u00e1s de 400 estudiantes del nivel secundaria, as\u00ed como a docentes y familias, quienes participaron activamente y escucharon con atenci\u00f3n los mensajes orientados a prevenir la violencia en el hogar y en la escuela.<\/p>\n<p>La jornada cont\u00f3 con la presencia del presidente de la Corte Superior de Justicia de Lima Norte y de efectivos de la Polic\u00eda Nacional del Per\u00fa, quienes brindaron informaci\u00f3n valiosa sobre c\u00f3mo identificar se\u00f1ales de violencia, fomentar el respeto y la empat\u00eda, y buscar ayuda en situaciones de riesgo.<\/p>\n<p>Asimismo, particip\u00f3 la directora de la UGEL 04 Nelly Cunza Pr\u00edncipe, quien expres\u00f3 su firme rechazo a todo tipo de violencia y resalt\u00f3 la importancia de este tipo de actividades para fortalecer los valores y la convivencia saludable en la comunidad educativa.<\/p>\n<p>Estas charlas no solo informan, sino que tambi\u00e9n empoderan a estudiantes y familias para construir entornos seguros, solidarios y respetuosos.<\/p>\n<p>[\/et_pb_text][\/et_pb_column][\/et_pb_row][\/et_pb_section]<\/p>\n","protected":false},"excerpt":{"rendered":"<p>El director del Colegio Torre Blanca, del distrito de Carabayllo, organiz\u00f3 una jornada de charlas educativas dirigidas a estudiantes y padres de familia, en coordinaci\u00f3n con la Corte Superior de [&hellip;]<\/p>\n","protected":false},"author":1,"featured_media":259282,"comment_status":"closed","ping_status":"open","sticky":false,"template":"","format":"standard","meta":{"_et_pb_use_builder":"on","_et_pb_old_content":"","_et_gb_content_width":"1080","footnotes":""},"categories":[10],"tags":[],"class_list":["post-259281","post","type-post","status-publish","format-standard","has-post-thumbnail","hentry","category-noticias"],"_links":{"self":[{"href":"https:\/\/ugel04.gob.pe\/home\/wp-json\/wp\/v2\/posts\/259281","targetHints":{"allow":["GET"]}}],"collection":[{"href":"https:\/\/ugel04.gob.pe\/home\/wp-json\/wp\/v2\/posts"}],"about":[{"href":"https:\/\/ugel04.gob.pe\/home\/wp-json\/wp\/v2\/types\/post"}],"author":[{"embeddable":true,"href":"https:\/\/ugel04.gob.pe\/home\/wp-json\/wp\/v2\/users\/1"}],"replies":[{"embeddable":true,"href":"https:\/\/ugel04.gob.pe\/home\/wp-json\/wp\/v2\/comments?post=259281"}],"version-history":[{"count":2,"href":"https:\/\/ugel04.gob.pe\/home\/wp-json\/wp\/v2\/posts\/259281\/revisions"}],"predecessor-version":[{"id":259284,"href":"https:\/\/ugel04.gob.pe\/home\/wp-json\/wp\/v2\/posts\/259281\/revisions\/259284"}],"wp:featuredmedia":[{"embeddable":true,"href":"https:\/\/ugel04.gob.pe\/home\/wp-json\/wp\/v2\/media\/259282"}],"wp:attachment":[{"href":"https:\/\/ugel04.gob.pe\/home\/wp-json\/wp\/v2\/media?parent=259281"}],"wp:term":[{"taxonomy":"category","embeddable":true,"href":"https:\/\/ugel04.gob.pe\/home\/wp-json\/wp\/v2\/categories?post=259281"},{"taxonomy":"post_tag","embeddable":true,"href":"https:\/\/ugel04.gob.pe\/home\/wp-json\/wp\/v2\/tags?post=259281"}],"curies":[{"name":"wp","href":"https:\/\/api.w.org\/{rel}","templated":true}]}}