{"id":259274,"date":"2025-05-07T11:05:27","date_gmt":"2025-05-07T16:05:27","guid":{"rendered":"https:\/\/ugel04.gob.pe\/home\/?p=259274"},"modified":"2025-05-07T11:05:35","modified_gmt":"2025-05-07T16:05:35","slug":"se-inician-asambleas-descentralizadas-para-fortalecer-la-gestion-pedagogica-en-las-rei","status":"publish","type":"post","link":"https:\/\/ugel04.gob.pe\/home\/se-inician-asambleas-descentralizadas-para-fortalecer-la-gestion-pedagogica-en-las-rei\/","title":{"rendered":"SE INICIAN ASAMBLEAS DESCENTRALIZADAS PARA FORTALECER LA GESTI\u00d3N PEDAG\u00d3GICA EN LAS REI"},"content":{"rendered":"<p>[et_pb_section fb_built=\u00bb1&#8243; theme_builder_area=\u00bbpost_content\u00bb _builder_version=\u00bb4.27.4&#8243; _module_preset=\u00bbdefault\u00bb da_is_popup=\u00bboff\u00bb da_exit_intent=\u00bboff\u00bb da_has_close=\u00bbon\u00bb da_alt_close=\u00bboff\u00bb da_dark_close=\u00bboff\u00bb da_not_modal=\u00bbon\u00bb da_is_singular=\u00bboff\u00bb da_with_loader=\u00bboff\u00bb da_has_shadow=\u00bbon\u00bb da_disable_devices=\u00bboff|off|off\u00bb][et_pb_row _builder_version=\u00bb4.27.4&#8243; _module_preset=\u00bbdefault\u00bb theme_builder_area=\u00bbpost_content\u00bb][et_pb_column _builder_version=\u00bb4.27.4&#8243; _module_preset=\u00bbdefault\u00bb type=\u00bb4_4&#8243; theme_builder_area=\u00bbpost_content\u00bb][et_pb_text _builder_version=\u00bb4.27.4&#8243; _module_preset=\u00bbdefault\u00bb theme_builder_area=\u00bbpost_content\u00bb hover_enabled=\u00bb0&#8243; sticky_enabled=\u00bb0&#8243;]<\/p>\n<p>Con la finalidad de promover espacios de an\u00e1lisis, reflexi\u00f3n y coordinaci\u00f3n que permita la mejora continua de los aprendizajes en las escuelas, la UGEL 04 dio inicio a la realizaci\u00f3n de una serie de Asambleas Descentralizadas de Redes Educativas Institucionales (REI), en las sedes de los colegios cabecera de red.<\/p>\n<p>Durante estas reuniones, que contaron con la participaci\u00f3n de directores, subdirectores, coordinadores de Tutor\u00eda y profesoras coordinadoras de PRONOEI, se abordaron temas estrat\u00e9gicos como el desarrollo de habilidades socioemocionales en los docentes, el an\u00e1lisis de los resultados de la Evaluaci\u00f3n Nacional de Logros de Aprendizaje (ENLA) y las evaluaciones en aula; as\u00ed como, la formulaci\u00f3n de planes de mejora institucional articulados por cada REI.<\/p>\n<p>En ese contexto, se realizaron actividades en equipo orientadas a identificar los factores asociados a los aprendizajes, fomentando el liderazgo pedag\u00f3gico y la responsabilidad colectiva en la gesti\u00f3n educativa.<\/p>\n<p>Al respecto, el jefe de AGEBRE, destac\u00f3 que estos encuentros son parte de una pol\u00edtica de fortalecimiento institucional que busca consolidar comunidades educativas comprometidas con la mejora permanente.<\/p>\n<p>Cabe destacar que, la participaci\u00f3n activa de los directivos y especialistas permiti\u00f3 recoger ideas para seguir mejorando la ense\u00f1anza en las aulas y fortalecer el trabajo en equipo entre las instituciones de cada red, con el objetivo com\u00fan de lograr mejores aprendizajes para los estudiantes.<\/p>\n<p>Las asambleas descentralizadas de las REI reafirman el compromiso de la UGEL 04 por seguir impulsando una educaci\u00f3n transformadora, colaborativa y centrada en el bienestar de los estudiantes de nuestra jurisdicci\u00f3n.<\/p>\n<p>[\/et_pb_text][\/et_pb_column][\/et_pb_row][\/et_pb_section]<\/p>\n","protected":false},"excerpt":{"rendered":"<p>Con la finalidad de promover espacios de an\u00e1lisis, reflexi\u00f3n y coordinaci\u00f3n que permita la mejora continua de los aprendizajes en las escuelas, la UGEL 04 dio inicio a la realizaci\u00f3n [&hellip;]<\/p>\n","protected":false},"author":1,"featured_media":259275,"comment_status":"open","ping_status":"open","sticky":false,"template":"","format":"standard","meta":{"_et_pb_use_builder":"on","_et_pb_old_content":"","_et_gb_content_width":"1080","footnotes":""},"categories":[10],"tags":[],"class_list":["post-259274","post","type-post","status-publish","format-standard","has-post-thumbnail","hentry","category-noticias"],"_links":{"self":[{"href":"https:\/\/ugel04.gob.pe\/home\/wp-json\/wp\/v2\/posts\/259274","targetHints":{"allow":["GET"]}}],"collection":[{"href":"https:\/\/ugel04.gob.pe\/home\/wp-json\/wp\/v2\/posts"}],"about":[{"href":"https:\/\/ugel04.gob.pe\/home\/wp-json\/wp\/v2\/types\/post"}],"author":[{"embeddable":true,"href":"https:\/\/ugel04.gob.pe\/home\/wp-json\/wp\/v2\/users\/1"}],"replies":[{"embeddable":true,"href":"https:\/\/ugel04.gob.pe\/home\/wp-json\/wp\/v2\/comments?post=259274"}],"version-history":[{"count":2,"href":"https:\/\/ugel04.gob.pe\/home\/wp-json\/wp\/v2\/posts\/259274\/revisions"}],"predecessor-version":[{"id":259277,"href":"https:\/\/ugel04.gob.pe\/home\/wp-json\/wp\/v2\/posts\/259274\/revisions\/259277"}],"wp:featuredmedia":[{"embeddable":true,"href":"https:\/\/ugel04.gob.pe\/home\/wp-json\/wp\/v2\/media\/259275"}],"wp:attachment":[{"href":"https:\/\/ugel04.gob.pe\/home\/wp-json\/wp\/v2\/media?parent=259274"}],"wp:term":[{"taxonomy":"category","embeddable":true,"href":"https:\/\/ugel04.gob.pe\/home\/wp-json\/wp\/v2\/categories?post=259274"},{"taxonomy":"post_tag","embeddable":true,"href":"https:\/\/ugel04.gob.pe\/home\/wp-json\/wp\/v2\/tags?post=259274"}],"curies":[{"name":"wp","href":"https:\/\/api.w.org\/{rel}","templated":true}]}}