{"id":259230,"date":"2025-04-28T16:47:48","date_gmt":"2025-04-28T21:47:48","guid":{"rendered":"https:\/\/ugel04.gob.pe\/home\/?p=259230"},"modified":"2025-04-28T16:48:05","modified_gmt":"2025-04-28T21:48:05","slug":"ugel-04-y-municipalidad-de-comas-capacitan-a-directores-sobre-prevencion-del-acoso-escolar","status":"publish","type":"post","link":"https:\/\/ugel04.gob.pe\/home\/ugel-04-y-municipalidad-de-comas-capacitan-a-directores-sobre-prevencion-del-acoso-escolar\/","title":{"rendered":"UGEL 04 Y MUNICIPALIDAD DE COMAS CAPACITAN A DIRECTORES SOBRE PREVENCI\u00d3N DEL ACOSO ESCOLAR"},"content":{"rendered":"<p>[et_pb_section fb_built=\u00bb1&#8243; theme_builder_area=\u00bbpost_content\u00bb _builder_version=\u00bb4.27.4&#8243; _module_preset=\u00bbdefault\u00bb da_is_popup=\u00bboff\u00bb da_exit_intent=\u00bboff\u00bb da_has_close=\u00bbon\u00bb da_alt_close=\u00bboff\u00bb da_dark_close=\u00bboff\u00bb da_not_modal=\u00bbon\u00bb da_is_singular=\u00bboff\u00bb da_with_loader=\u00bboff\u00bb da_has_shadow=\u00bbon\u00bb da_disable_devices=\u00bboff|off|off\u00bb][et_pb_row _builder_version=\u00bb4.27.4&#8243; _module_preset=\u00bbdefault\u00bb theme_builder_area=\u00bbpost_content\u00bb][et_pb_column _builder_version=\u00bb4.27.4&#8243; _module_preset=\u00bbdefault\u00bb type=\u00bb4_4&#8243; theme_builder_area=\u00bbpost_content\u00bb][et_pb_text _builder_version=\u00bb4.27.4&#8243; _module_preset=\u00bbdefault\u00bb theme_builder_area=\u00bbpost_content\u00bb hover_enabled=\u00bb0&#8243; sticky_enabled=\u00bb0&#8243;]<\/p>\n<p>En un esfuerzo por promover un entorno educativo seguro y libre de violencia, la UGEL 04 y la Municipalidad de Comas, a trav\u00e9s de su Instancia Distrital de Concertaci\u00f3n, organizaron una jornada de capacitaci\u00f3n dirigida a los directores de las instituciones educativas p\u00fablicas del distrito.<\/p>\n<p>El evento se desarroll\u00f3 en el Sal\u00f3n Multiusos del Centro C\u00edvico de Comas, con la participaci\u00f3n de la Polic\u00eda Nacional, la Fiscal\u00eda y diversas organizaciones no gubernamentales, quienes informaron, sensibilizaron y capacitaron a los directores en torno a la prevenci\u00f3n del acoso sexual escolar; adem\u00e1s, proporcionaron informaci\u00f3n sobre el uso de herramientas para la correcta actuaci\u00f3n frente a posibles denuncias.<\/p>\n<p>La Fiscal\u00eda present\u00f3 una ponencia sobre la legislaci\u00f3n vigente relacionada con el acoso escolar, explicando los procedimientos legales que deben seguir los directores en estos casos. Asimismo, se abord\u00f3 la importancia del rol docente en la creaci\u00f3n de un ambiente respetuoso, destacando la necesidad de evitar conductas que puedan generar un ambiente de amiguismo o desconfianza.<\/p>\n<p>La jornada incluy\u00f3 la participaci\u00f3n de instituciones educativas focalizadas de Comas, entre ellas el I.E. Carlos Wiesse, San Felipe, Jos\u00e9 Carlos Mari\u00e1tegui, Comercio 62 Almirante Miguel Grau, entre otras, que fueron elegidas por su impacto en la comunidad educativa local.<\/p>\n<p>Cabe destacar la participaci\u00f3n de la especialista de tutor\u00eda y orientaci\u00f3n educativa de la UGEL 04, quien se encarg\u00f3 de la ponencia sobre la construcci\u00f3n de escuelas seguras, enfatizando que los docentes tienen un rol fundamental en la formaci\u00f3n de valores y en la promoci\u00f3n de un ambiente de respeto.<\/p>\n<p>Como parte de las acciones del Plan de Trabajo de Tutor\u00eda y Orientaci\u00f3n Educativa, se tiene previsto realizar una segunda jornada de capacitaci\u00f3n que incluir\u00e1 a m\u00e1s instituciones educativas del distrito, reforzando el compromiso <\/p>\n<p>[\/et_pb_text][\/et_pb_column][\/et_pb_row][\/et_pb_section]<\/p>\n","protected":false},"excerpt":{"rendered":"<p>En un esfuerzo por promover un entorno educativo seguro y libre de violencia, la UGEL 04 y la Municipalidad de Comas, a trav\u00e9s de su Instancia Distrital de Concertaci\u00f3n, organizaron [&hellip;]<\/p>\n","protected":false},"author":1,"featured_media":259229,"comment_status":"open","ping_status":"open","sticky":false,"template":"","format":"standard","meta":{"_et_pb_use_builder":"on","_et_pb_old_content":"","_et_gb_content_width":"1080","footnotes":""},"categories":[10],"tags":[],"class_list":["post-259230","post","type-post","status-publish","format-standard","has-post-thumbnail","hentry","category-noticias"],"_links":{"self":[{"href":"https:\/\/ugel04.gob.pe\/home\/wp-json\/wp\/v2\/posts\/259230","targetHints":{"allow":["GET"]}}],"collection":[{"href":"https:\/\/ugel04.gob.pe\/home\/wp-json\/wp\/v2\/posts"}],"about":[{"href":"https:\/\/ugel04.gob.pe\/home\/wp-json\/wp\/v2\/types\/post"}],"author":[{"embeddable":true,"href":"https:\/\/ugel04.gob.pe\/home\/wp-json\/wp\/v2\/users\/1"}],"replies":[{"embeddable":true,"href":"https:\/\/ugel04.gob.pe\/home\/wp-json\/wp\/v2\/comments?post=259230"}],"version-history":[{"count":2,"href":"https:\/\/ugel04.gob.pe\/home\/wp-json\/wp\/v2\/posts\/259230\/revisions"}],"predecessor-version":[{"id":259232,"href":"https:\/\/ugel04.gob.pe\/home\/wp-json\/wp\/v2\/posts\/259230\/revisions\/259232"}],"wp:featuredmedia":[{"embeddable":true,"href":"https:\/\/ugel04.gob.pe\/home\/wp-json\/wp\/v2\/media\/259229"}],"wp:attachment":[{"href":"https:\/\/ugel04.gob.pe\/home\/wp-json\/wp\/v2\/media?parent=259230"}],"wp:term":[{"taxonomy":"category","embeddable":true,"href":"https:\/\/ugel04.gob.pe\/home\/wp-json\/wp\/v2\/categories?post=259230"},{"taxonomy":"post_tag","embeddable":true,"href":"https:\/\/ugel04.gob.pe\/home\/wp-json\/wp\/v2\/tags?post=259230"}],"curies":[{"name":"wp","href":"https:\/\/api.w.org\/{rel}","templated":true}]}}