{"id":259219,"date":"2025-04-28T14:25:32","date_gmt":"2025-04-28T19:25:32","guid":{"rendered":"https:\/\/ugel04.gob.pe\/home\/?p=259219"},"modified":"2025-04-28T14:25:39","modified_gmt":"2025-04-28T19:25:39","slug":"se-fortalece-capacidades-de-directivos-para-mejorar-desarrollo-infantil-temprano-en-ciclo-i","status":"publish","type":"post","link":"https:\/\/ugel04.gob.pe\/home\/se-fortalece-capacidades-de-directivos-para-mejorar-desarrollo-infantil-temprano-en-ciclo-i\/","title":{"rendered":"SE FORTALECE CAPACIDADES DE DIRECTIVOS PARA MEJORAR DESARROLLO INFANTIL TEMPRANO EN CICLO I"},"content":{"rendered":"<p>[et_pb_section fb_built=\u00bb1&#8243; theme_builder_area=\u00bbpost_content\u00bb _builder_version=\u00bb4.27.4&#8243; _module_preset=\u00bbdefault\u00bb da_is_popup=\u00bboff\u00bb da_exit_intent=\u00bboff\u00bb da_has_close=\u00bbon\u00bb da_alt_close=\u00bboff\u00bb da_dark_close=\u00bboff\u00bb da_not_modal=\u00bbon\u00bb da_is_singular=\u00bboff\u00bb da_with_loader=\u00bboff\u00bb da_has_shadow=\u00bbon\u00bb da_disable_devices=\u00bboff|off|off\u00bb][et_pb_row _builder_version=\u00bb4.27.4&#8243; _module_preset=\u00bbdefault\u00bb theme_builder_area=\u00bbpost_content\u00bb][et_pb_column _builder_version=\u00bb4.27.4&#8243; _module_preset=\u00bbdefault\u00bb type=\u00bb4_4&#8243; theme_builder_area=\u00bbpost_content\u00bb][et_pb_text _builder_version=\u00bb4.27.4&#8243; _module_preset=\u00bbdefault\u00bb theme_builder_area=\u00bbpost_content\u00bb hover_enabled=\u00bb0&#8243; sticky_enabled=\u00bb0&#8243;]<\/p>\n<p>Con el objetivo de mejorar la calidad del trabajo pedag\u00f3gico en el ciclo I y promover un desarrollo infantil integral temprano, la UGEL N\u00b0 04 en alianza con UNICEF y PRISMA, inici\u00f3 el plan de fortalecimiento de competencias dirigido a directoras y profesionales de PRONOEI y Cuna de los distritos de Comas (Collique) y Carabayllo (El Progreso).<\/p>\n<p>El primer taller de capacitaci\u00f3n, abord\u00f3 los fundamentos, enfoques y evidencias cient\u00edficas para brindar un cuidado cari\u00f1oso y sensible en la primera infancia. Se present\u00f3 informaci\u00f3n actualizada desde la neurociencia, la psicolog\u00eda y la pedagog\u00eda, elementos esenciales para orientar el trabajo pedag\u00f3gico con ni\u00f1os y ni\u00f1as menores de tres a\u00f1os, favoreciendo un desarrollo infantil temprano integral y basado en evidencia.<\/p>\n<p>Como parte de la estrategia, el pr\u00f3ximo 2 de mayo se iniciar\u00e1n las visitas personalizadas y asesoramientos t\u00e9cnicos en cada instituci\u00f3n educativa, las cuales se organizar\u00e1n de manera semanal en coordinaci\u00f3n directa con las directoras y equipos responsables. Adem\u00e1s, se ha previsto que las capacitaciones generales se realicen una vez al mes, complementando el acompa\u00f1amiento t\u00e9cnico en campo.<\/p>\n<p>Este plan incluye tambi\u00e9n la producci\u00f3n, entrega y validaci\u00f3n participativa de materiales pedag\u00f3gicos pertinentes y \u00fatiles para las familias, los cuales ser\u00e1n empleados en sesiones demostrativas dentro de cada comunidad educativa.<\/p>\n<p>Cabe destacar que, las directoras\/directores tienen un rol activo en este proceso, tanto en la selecci\u00f3n de contenidos como en su aplicaci\u00f3n pr\u00e1ctica.<\/p>\n<p>Cada fase culmina con acuerdos y compromisos institucionales, reforzando el liderazgo pedag\u00f3gico y asegurando la sostenibilidad del trabajo. Este esfuerzo se enmarca en el Programa de Cooperaci\u00f3n 2022\u20132026 entre el Estado Peruano y UNICEF, que promueve acciones conjuntas para garantizar una educaci\u00f3n inclusiva, equitativa y de calidad para la primera infancia.<\/p>\n<p>&nbsp;<\/p>\n<p>[\/et_pb_text][\/et_pb_column][\/et_pb_row][\/et_pb_section]<\/p>\n","protected":false},"excerpt":{"rendered":"<p>Con el objetivo de mejorar la calidad del trabajo pedag\u00f3gico en el ciclo I y promover un desarrollo infantil integral temprano, la UGEL N\u00b0 04 en alianza con UNICEF y [&hellip;]<\/p>\n","protected":false},"author":1,"featured_media":259220,"comment_status":"open","ping_status":"open","sticky":false,"template":"","format":"standard","meta":{"_et_pb_use_builder":"on","_et_pb_old_content":"","_et_gb_content_width":"1080","footnotes":""},"categories":[10],"tags":[],"class_list":["post-259219","post","type-post","status-publish","format-standard","has-post-thumbnail","hentry","category-noticias"],"_links":{"self":[{"href":"https:\/\/ugel04.gob.pe\/home\/wp-json\/wp\/v2\/posts\/259219","targetHints":{"allow":["GET"]}}],"collection":[{"href":"https:\/\/ugel04.gob.pe\/home\/wp-json\/wp\/v2\/posts"}],"about":[{"href":"https:\/\/ugel04.gob.pe\/home\/wp-json\/wp\/v2\/types\/post"}],"author":[{"embeddable":true,"href":"https:\/\/ugel04.gob.pe\/home\/wp-json\/wp\/v2\/users\/1"}],"replies":[{"embeddable":true,"href":"https:\/\/ugel04.gob.pe\/home\/wp-json\/wp\/v2\/comments?post=259219"}],"version-history":[{"count":2,"href":"https:\/\/ugel04.gob.pe\/home\/wp-json\/wp\/v2\/posts\/259219\/revisions"}],"predecessor-version":[{"id":259222,"href":"https:\/\/ugel04.gob.pe\/home\/wp-json\/wp\/v2\/posts\/259219\/revisions\/259222"}],"wp:featuredmedia":[{"embeddable":true,"href":"https:\/\/ugel04.gob.pe\/home\/wp-json\/wp\/v2\/media\/259220"}],"wp:attachment":[{"href":"https:\/\/ugel04.gob.pe\/home\/wp-json\/wp\/v2\/media?parent=259219"}],"wp:term":[{"taxonomy":"category","embeddable":true,"href":"https:\/\/ugel04.gob.pe\/home\/wp-json\/wp\/v2\/categories?post=259219"},{"taxonomy":"post_tag","embeddable":true,"href":"https:\/\/ugel04.gob.pe\/home\/wp-json\/wp\/v2\/tags?post=259219"}],"curies":[{"name":"wp","href":"https:\/\/api.w.org\/{rel}","templated":true}]}}