{"id":259212,"date":"2025-04-26T09:52:25","date_gmt":"2025-04-26T14:52:25","guid":{"rendered":"https:\/\/ugel04.gob.pe\/home\/?p=259212"},"modified":"2025-04-26T09:53:01","modified_gmt":"2025-04-26T14:53:01","slug":"gran-numero-de-padres-de-familia-juramentaron-como-brigadas-de-autoproteccion-escolar-bape-en-lima-metropolitana","status":"publish","type":"post","link":"https:\/\/ugel04.gob.pe\/home\/gran-numero-de-padres-de-familia-juramentaron-como-brigadas-de-autoproteccion-escolar-bape-en-lima-metropolitana\/","title":{"rendered":"GRAN N\u00daMERO DE PADRES DE FAMILIA JURAMENTARON COMO BRIGADAS DE AUTOPROTECCI\u00d3N ESCOLAR (BAPE) EN LIMA METROPOLITANA"},"content":{"rendered":"\n[et_pb_section fb_built=\u00bb1&#8243; theme_builder_area=\u00bbpost_content\u00bb _builder_version=\u00bb4.27.4&#8243; _module_preset=\u00bbdefault\u00bb da_is_popup=\u00bboff\u00bb da_exit_intent=\u00bboff\u00bb da_has_close=\u00bbon\u00bb da_alt_close=\u00bboff\u00bb da_dark_close=\u00bboff\u00bb da_not_modal=\u00bbon\u00bb da_is_singular=\u00bboff\u00bb da_with_loader=\u00bboff\u00bb da_has_shadow=\u00bbon\u00bb da_disable_devices=\u00bboff|off|off\u00bb][et_pb_row _builder_version=\u00bb4.27.4&#8243; _module_preset=\u00bbdefault\u00bb theme_builder_area=\u00bbpost_content\u00bb][et_pb_column _builder_version=\u00bb4.27.4&#8243; _module_preset=\u00bbdefault\u00bb type=\u00bb4_4&#8243; theme_builder_area=\u00bbpost_content\u00bb][et_pb_text _builder_version=\u00bb4.27.4&#8243; _module_preset=\u00bbdefault\u00bb theme_builder_area=\u00bbpost_content\u00bb hover_enabled=\u00bb0&#8243; sticky_enabled=\u00bb0&#8243;]<p><strong>En un ambiente lleno de entusiasmo y compromiso ciudadano, un gran n\u00famero de padres y madres de familia de diversas instituciones educativas de Lima Metropolitana juramentaron como miembros de las Brigadas de Autoprotecci\u00f3n Escolar (BAPE). La ceremonia se realiz\u00f3 en el polideportivo de la Instituci\u00f3n Educativa San Francisco de Borja, en San Borja, que luci\u00f3 completamente lleno por la masiva participaci\u00f3n de la comunidad educativa.<\/strong><\/p>\n<p><span>Los padres de familia, acompa\u00f1ados por docentes, asumieron este importante rol ciudadano en presencia de autoridades del Ministerio del Interior, el Ministerio de Educaci\u00f3n, la Polic\u00eda Nacional del Per\u00fa, y los directivos de las siete UGEL de Lima Metropolitana.<\/span><\/p>\n<p><span>Las BAPE son grupos voluntarios conformados principalmente por padres de familia, que se organizan para colaborar en la protecci\u00f3n de los escolares durante los horarios de ingreso y salida, as\u00ed como en la prevenci\u00f3n de riesgos y situaciones de violencia en el entorno escolar.<\/span><\/p>\n<p><span>Esta acci\u00f3n forma parte de una estrategia articulada entre el sector educaci\u00f3n, el sector interior y la comunidad, cuyo objetivo es reforzar la seguridad en los colegios y hacer frente a la delincuencia, garantizando entornos seguros para estudiantes, docentes, directivos y familias de toda Lima Metropolitana.<\/span><\/p>[\/et_pb_text][\/et_pb_column][\/et_pb_row][\/et_pb_section]\n","protected":false},"excerpt":{"rendered":"<p>En un ambiente lleno de entusiasmo y compromiso ciudadano, un gran n\u00famero de padres y madres de familia de diversas instituciones educativas de Lima Metropolitana juramentaron como miembros de las [&hellip;]<\/p>\n","protected":false},"author":1,"featured_media":259216,"comment_status":"closed","ping_status":"open","sticky":false,"template":"","format":"standard","meta":{"_et_pb_use_builder":"on","_et_pb_old_content":"","_et_gb_content_width":"1080","footnotes":""},"categories":[10],"tags":[],"class_list":["post-259212","post","type-post","status-publish","format-standard","has-post-thumbnail","hentry","category-noticias"],"_links":{"self":[{"href":"https:\/\/ugel04.gob.pe\/home\/wp-json\/wp\/v2\/posts\/259212","targetHints":{"allow":["GET"]}}],"collection":[{"href":"https:\/\/ugel04.gob.pe\/home\/wp-json\/wp\/v2\/posts"}],"about":[{"href":"https:\/\/ugel04.gob.pe\/home\/wp-json\/wp\/v2\/types\/post"}],"author":[{"embeddable":true,"href":"https:\/\/ugel04.gob.pe\/home\/wp-json\/wp\/v2\/users\/1"}],"replies":[{"embeddable":true,"href":"https:\/\/ugel04.gob.pe\/home\/wp-json\/wp\/v2\/comments?post=259212"}],"version-history":[{"count":3,"href":"https:\/\/ugel04.gob.pe\/home\/wp-json\/wp\/v2\/posts\/259212\/revisions"}],"predecessor-version":[{"id":259217,"href":"https:\/\/ugel04.gob.pe\/home\/wp-json\/wp\/v2\/posts\/259212\/revisions\/259217"}],"wp:featuredmedia":[{"embeddable":true,"href":"https:\/\/ugel04.gob.pe\/home\/wp-json\/wp\/v2\/media\/259216"}],"wp:attachment":[{"href":"https:\/\/ugel04.gob.pe\/home\/wp-json\/wp\/v2\/media?parent=259212"}],"wp:term":[{"taxonomy":"category","embeddable":true,"href":"https:\/\/ugel04.gob.pe\/home\/wp-json\/wp\/v2\/categories?post=259212"},{"taxonomy":"post_tag","embeddable":true,"href":"https:\/\/ugel04.gob.pe\/home\/wp-json\/wp\/v2\/tags?post=259212"}],"curies":[{"name":"wp","href":"https:\/\/api.w.org\/{rel}","templated":true}]}}