{"id":259208,"date":"2025-04-24T17:33:43","date_gmt":"2025-04-24T22:33:43","guid":{"rendered":"https:\/\/ugel04.gob.pe\/home\/?p=259208"},"modified":"2025-04-24T17:33:44","modified_gmt":"2025-04-24T22:33:44","slug":"ugel-04-y-aliados-estrategicos-planifican-ejecucion-de-programa-educativo-comunitario-de-adulto-mayor","status":"publish","type":"post","link":"https:\/\/ugel04.gob.pe\/home\/ugel-04-y-aliados-estrategicos-planifican-ejecucion-de-programa-educativo-comunitario-de-adulto-mayor\/","title":{"rendered":"UGEL 04 Y ALIADOS ESTRAT\u00c9GICOS PLANIFICAN EJECUCI\u00d3N DE PROGRAMA EDUCATIVO COMUNITARIO DE ADULTO MAYOR"},"content":{"rendered":"<p>[et_pb_section fb_built=\u00bb1&#8243; theme_builder_area=\u00bbpost_content\u00bb _builder_version=\u00bb4.27.4&#8243; _module_preset=\u00bbdefault\u00bb da_is_popup=\u00bboff\u00bb da_exit_intent=\u00bboff\u00bb da_has_close=\u00bbon\u00bb da_alt_close=\u00bboff\u00bb da_dark_close=\u00bboff\u00bb da_not_modal=\u00bbon\u00bb da_is_singular=\u00bboff\u00bb da_with_loader=\u00bboff\u00bb da_has_shadow=\u00bbon\u00bb da_disable_devices=\u00bboff|off|off\u00bb][et_pb_row _builder_version=\u00bb4.27.4&#8243; _module_preset=\u00bbdefault\u00bb theme_builder_area=\u00bbpost_content\u00bb][et_pb_column _builder_version=\u00bb4.27.4&#8243; _module_preset=\u00bbdefault\u00bb type=\u00bb4_4&#8243; theme_builder_area=\u00bbpost_content\u00bb][et_pb_text _builder_version=\u00bb4.27.4&#8243; _module_preset=\u00bbdefault\u00bb theme_builder_area=\u00bbpost_content\u00bb hover_enabled=\u00bb0&#8243; sticky_enabled=\u00bb0&#8243;]<\/p>\n<p>Con la finalidad de coordinar y planificar la ejecuci\u00f3n del Programa Educativo Comunitario que beneficie a los adultos mayores de nuestra jurisdicci\u00f3n, la UGEL 04 a trav\u00e9s de AGEBATP, sostuvo una importante mesa de trabajo con representantes de diversas organizaciones aliadas, en el auditorio del Centro Materno Infantil \u201cEl Progreso\u201d, en el distrito de Carabayllo,<\/p>\n<p>Durante la cita, en la que participaron representantes de Direcci\u00f3n General de Educaci\u00f3n B\u00e1sica Alternativa, Intercultural Biling\u00fce y de Servicios Educativos en el \u00c1mbito Rural, de la Asociaci\u00f3n Central de los Clubes del Adulto Mayor de Carabayllo y de la Municipalidad de Lima Metropolitana, se plantearon estrategias y acciones orientadas al desarrollo econ\u00f3mico, social y cultural de los adultos mayores.<\/p>\n<p>En este contexto, el jefe de AGEBATP \u2013 UGEL 04 subray\u00f3 la importancia de la educaci\u00f3n b\u00e1sica en los adultos mayores, como la lectura y escritura, reconoci\u00e9ndola como una herramienta esencial para su participaci\u00f3n activa en la sociedad y mejora de su calidad de vida.<\/p>\n<p>Cabe destacar que la participaci\u00f3n de los especialistas fue fundamental para asegurar que las necesidades y expectativas de la comunidad sean consideradas en el proceso de implementaci\u00f3n del Programa de Educaci\u00f3n Comunitaria, as\u00ed como, en la definici\u00f3n de directrices para integrar la educaci\u00f3n comunitaria con las modalidades educativas, garantizando un enfoque inclusivo y adaptado al contexto local.<\/p>\n<p>El Programa Educativo Comunitario ser\u00e1 primordial para fortalecer los aprendizajes que se generan en la comunidad, espec\u00edficamente entre los adultos mayores, aportando de esta forma a su desarrollo integral y al crecimiento colectivo de la sociedad.<\/p>\n<p>[\/et_pb_text][\/et_pb_column][\/et_pb_row][\/et_pb_section]<\/p>\n","protected":false},"excerpt":{"rendered":"<p>Con la finalidad de coordinar y planificar la ejecuci\u00f3n del Programa Educativo Comunitario que beneficie a los adultos mayores de nuestra jurisdicci\u00f3n, la UGEL 04 a trav\u00e9s de AGEBATP, sostuvo [&hellip;]<\/p>\n","protected":false},"author":1,"featured_media":259209,"comment_status":"open","ping_status":"open","sticky":false,"template":"","format":"standard","meta":{"_et_pb_use_builder":"on","_et_pb_old_content":"","_et_gb_content_width":"1080","footnotes":""},"categories":[10],"tags":[],"class_list":["post-259208","post","type-post","status-publish","format-standard","has-post-thumbnail","hentry","category-noticias"],"_links":{"self":[{"href":"https:\/\/ugel04.gob.pe\/home\/wp-json\/wp\/v2\/posts\/259208","targetHints":{"allow":["GET"]}}],"collection":[{"href":"https:\/\/ugel04.gob.pe\/home\/wp-json\/wp\/v2\/posts"}],"about":[{"href":"https:\/\/ugel04.gob.pe\/home\/wp-json\/wp\/v2\/types\/post"}],"author":[{"embeddable":true,"href":"https:\/\/ugel04.gob.pe\/home\/wp-json\/wp\/v2\/users\/1"}],"replies":[{"embeddable":true,"href":"https:\/\/ugel04.gob.pe\/home\/wp-json\/wp\/v2\/comments?post=259208"}],"version-history":[{"count":2,"href":"https:\/\/ugel04.gob.pe\/home\/wp-json\/wp\/v2\/posts\/259208\/revisions"}],"predecessor-version":[{"id":259211,"href":"https:\/\/ugel04.gob.pe\/home\/wp-json\/wp\/v2\/posts\/259208\/revisions\/259211"}],"wp:featuredmedia":[{"embeddable":true,"href":"https:\/\/ugel04.gob.pe\/home\/wp-json\/wp\/v2\/media\/259209"}],"wp:attachment":[{"href":"https:\/\/ugel04.gob.pe\/home\/wp-json\/wp\/v2\/media?parent=259208"}],"wp:term":[{"taxonomy":"category","embeddable":true,"href":"https:\/\/ugel04.gob.pe\/home\/wp-json\/wp\/v2\/categories?post=259208"},{"taxonomy":"post_tag","embeddable":true,"href":"https:\/\/ugel04.gob.pe\/home\/wp-json\/wp\/v2\/tags?post=259208"}],"curies":[{"name":"wp","href":"https:\/\/api.w.org\/{rel}","templated":true}]}}