{"id":259198,"date":"2025-04-23T16:28:39","date_gmt":"2025-04-23T21:28:39","guid":{"rendered":"https:\/\/ugel04.gob.pe\/home\/?p=259198"},"modified":"2025-04-23T16:28:47","modified_gmt":"2025-04-23T21:28:47","slug":"se-fortalecen-capacidades-de-directivos-y-docentes-de-cunas-y-cunas-jardin-en-planificacion-educativa-de-ciclo-i","status":"publish","type":"post","link":"https:\/\/ugel04.gob.pe\/home\/se-fortalecen-capacidades-de-directivos-y-docentes-de-cunas-y-cunas-jardin-en-planificacion-educativa-de-ciclo-i\/","title":{"rendered":"SE FORTALECEN CAPACIDADES DE DIRECTIVOS Y DOCENTES DE CUNAS Y CUNAS JARD\u00cdN EN PLANIFICACI\u00d3N EDUCATIVA DE CICLO I"},"content":{"rendered":"<p>[et_pb_section fb_built=\u00bb1&#8243; theme_builder_area=\u00bbpost_content\u00bb _builder_version=\u00bb4.27.4&#8243; _module_preset=\u00bbdefault\u00bb da_is_popup=\u00bboff\u00bb da_exit_intent=\u00bboff\u00bb da_has_close=\u00bbon\u00bb da_alt_close=\u00bboff\u00bb da_dark_close=\u00bboff\u00bb da_not_modal=\u00bbon\u00bb da_is_singular=\u00bboff\u00bb da_with_loader=\u00bboff\u00bb da_has_shadow=\u00bbon\u00bb da_disable_devices=\u00bboff|off|off\u00bb][et_pb_row _builder_version=\u00bb4.27.4&#8243; _module_preset=\u00bbdefault\u00bb theme_builder_area=\u00bbpost_content\u00bb][et_pb_column _builder_version=\u00bb4.27.4&#8243; _module_preset=\u00bbdefault\u00bb type=\u00bb4_4&#8243; theme_builder_area=\u00bbpost_content\u00bb][et_pb_text _builder_version=\u00bb4.27.4&#8243; _module_preset=\u00bbdefault\u00bb theme_builder_area=\u00bbpost_content\u00bb hover_enabled=\u00bb0&#8243; sticky_enabled=\u00bb0&#8243;]<\/p>\n<p>Con el objetivo de fortalecer la calidad del servicio educativo y cuidado diurno dirigido a ni\u00f1as y ni\u00f1os de 12 a 36 meses, especialistas del \u00c1rea de Gesti\u00f3n de Educaci\u00f3n B\u00e1sica Regular y Especial de la UGEL 04 realizaron una asistencia t\u00e9cnica dirigida a directivos, docentes y auxiliares de Cunas y Cunas Jard\u00edn p\u00fablicas del \u00e1mbito jurisdiccional.<\/p>\n<p>Durante la jornada se brindaron orientaciones clave para el proceso de planificaci\u00f3n en el nivel de educaci\u00f3n inicial, espec\u00edficamente en el Ciclo I; dicha intervenci\u00f3n forma parte de las acciones de monitoreo, seguimiento y mejora del servicio educativo en la primera infancia.<\/p>\n<p>Las especialistas destacaron la importancia de devolver a la planificaci\u00f3n su verdadero valor pedag\u00f3gico, se reflexion\u00f3 sobre el prop\u00f3sito real de planificar: comprender qu\u00e9 se planifica, para qu\u00e9 y por qu\u00e9, permitiendo un enfoque m\u00e1s consciente y centrado en las necesidades reales de los ni\u00f1os.<\/p>\n<p>La asistencia t\u00e9cnica incluy\u00f3 el an\u00e1lisis del cuadro de prop\u00f3sito de aprendizaje por edad, actividades directas relacionadas con cuidados b\u00e1sicos, actividades centradas en el juego libre o aut\u00f3nomo, estas herramientas buscan promover momentos de cuidado, autonom\u00eda y aprendizajes significativos a partir de la caracterizaci\u00f3n de cada etapa del desarrollo infantil.<\/p>\n<p>Estas estrategias de asistencia t\u00e9cnica y planificaci\u00f3n fortalecen las capacidades pedag\u00f3gicas de los docentes y equipos educativos, centrada en las necesidades reales de la primera infancia.<\/p>\n<p>La UGEL 04 continuar\u00e1 impulsando espacios de formaci\u00f3n y articulaci\u00f3n que impacten positivamente en la mejora de los aprendizajes y el bienestar integral de nuestros ni\u00f1os y ni\u00f1as.<\/p>\n<p>[\/et_pb_text][\/et_pb_column][\/et_pb_row][\/et_pb_section]<\/p>\n","protected":false},"excerpt":{"rendered":"<p>Con el objetivo de fortalecer la calidad del servicio educativo y cuidado diurno dirigido a ni\u00f1as y ni\u00f1os de 12 a 36 meses, especialistas del \u00c1rea de Gesti\u00f3n de Educaci\u00f3n [&hellip;]<\/p>\n","protected":false},"author":1,"featured_media":259199,"comment_status":"open","ping_status":"open","sticky":false,"template":"","format":"standard","meta":{"_et_pb_use_builder":"on","_et_pb_old_content":"","_et_gb_content_width":"1080","footnotes":""},"categories":[10],"tags":[],"class_list":["post-259198","post","type-post","status-publish","format-standard","has-post-thumbnail","hentry","category-noticias"],"_links":{"self":[{"href":"https:\/\/ugel04.gob.pe\/home\/wp-json\/wp\/v2\/posts\/259198","targetHints":{"allow":["GET"]}}],"collection":[{"href":"https:\/\/ugel04.gob.pe\/home\/wp-json\/wp\/v2\/posts"}],"about":[{"href":"https:\/\/ugel04.gob.pe\/home\/wp-json\/wp\/v2\/types\/post"}],"author":[{"embeddable":true,"href":"https:\/\/ugel04.gob.pe\/home\/wp-json\/wp\/v2\/users\/1"}],"replies":[{"embeddable":true,"href":"https:\/\/ugel04.gob.pe\/home\/wp-json\/wp\/v2\/comments?post=259198"}],"version-history":[{"count":2,"href":"https:\/\/ugel04.gob.pe\/home\/wp-json\/wp\/v2\/posts\/259198\/revisions"}],"predecessor-version":[{"id":259201,"href":"https:\/\/ugel04.gob.pe\/home\/wp-json\/wp\/v2\/posts\/259198\/revisions\/259201"}],"wp:featuredmedia":[{"embeddable":true,"href":"https:\/\/ugel04.gob.pe\/home\/wp-json\/wp\/v2\/media\/259199"}],"wp:attachment":[{"href":"https:\/\/ugel04.gob.pe\/home\/wp-json\/wp\/v2\/media?parent=259198"}],"wp:term":[{"taxonomy":"category","embeddable":true,"href":"https:\/\/ugel04.gob.pe\/home\/wp-json\/wp\/v2\/categories?post=259198"},{"taxonomy":"post_tag","embeddable":true,"href":"https:\/\/ugel04.gob.pe\/home\/wp-json\/wp\/v2\/tags?post=259198"}],"curies":[{"name":"wp","href":"https:\/\/api.w.org\/{rel}","templated":true}]}}