{"id":259193,"date":"2025-04-23T15:59:20","date_gmt":"2025-04-23T20:59:20","guid":{"rendered":"https:\/\/ugel04.gob.pe\/home\/?p=259193"},"modified":"2025-04-23T16:00:46","modified_gmt":"2025-04-23T21:00:46","slug":"ugel-04-y-care-peru-firman-convenio-de-cooperacion-institucional","status":"publish","type":"post","link":"https:\/\/ugel04.gob.pe\/home\/ugel-04-y-care-peru-firman-convenio-de-cooperacion-institucional\/","title":{"rendered":"UGEL 04 Y CARE PER\u00da FIRMAN CONVENIO DE COOPERACI\u00d3N INSTITUCIONAL"},"content":{"rendered":"\n[et_pb_section fb_built=\u00bb1&#8243; theme_builder_area=\u00bbpost_content\u00bb _builder_version=\u00bb4.27.4&#8243; _module_preset=\u00bbdefault\u00bb da_is_popup=\u00bboff\u00bb da_exit_intent=\u00bboff\u00bb da_has_close=\u00bbon\u00bb da_alt_close=\u00bboff\u00bb da_dark_close=\u00bboff\u00bb da_not_modal=\u00bbon\u00bb da_is_singular=\u00bboff\u00bb da_with_loader=\u00bboff\u00bb da_has_shadow=\u00bbon\u00bb da_disable_devices=\u00bboff|off|off\u00bb][et_pb_row _builder_version=\u00bb4.27.4&#8243; _module_preset=\u00bbdefault\u00bb theme_builder_area=\u00bbpost_content\u00bb][et_pb_column _builder_version=\u00bb4.27.4&#8243; _module_preset=\u00bbdefault\u00bb type=\u00bb4_4&#8243; theme_builder_area=\u00bbpost_content\u00bb][et_pb_text _builder_version=\u00bb4.27.4&#8243; _module_preset=\u00bbdefault\u00bb theme_builder_area=\u00bbpost_content\u00bb hover_enabled=\u00bb0&#8243; sticky_enabled=\u00bb0&#8243;]<p>Con el objetivo de fortalecer el bienestar y las trayectorias educativas de las adolescentes de nuestra jurisdicci\u00f3n, la UGEL 04 firm\u00f3 un convenio de cooperaci\u00f3n interinstitucional con la ONG CARE Per\u00fa, en el marco del proyecto \u201cNi\u00f1as con Oportunidades\u201d, que tendr\u00e1 vigencia hasta el 2028.<\/p>\n<p>Esta alianza permitir\u00e1 ejecutar acciones conjuntas que contribuyan a mejorar las condiciones educativas y personales de las estudiantes, promoviendo espacios seguros, inclusivos y equitativos en el \u00e1mbito escolar. Para ello, se han focalizado 14 Instituciones Educativas de nuestra jurisdicci\u00f3n que ser\u00e1n parte activa de esta intervenci\u00f3n.<\/p>\n<p>Las acciones incluir\u00e1n capacitaciones a docentes en temas vinculados a educaci\u00f3n sexual, sensibilizaci\u00f3n sobre el rol femenino, educaci\u00f3n financiera para adolescentes, entre otras tem\u00e1ticas que coadyuven al desarrollo de las estudiantes de nuestra jurisdicci\u00f3n.<\/p>\n<p>La UGEL 04 contin\u00faa sumando esfuerzos con instituciones aliadas para garantizar que nuestras estudiantes accedan a mejores oportunidades y alcancen su m\u00e1ximo potencial.<\/p>\n<p>&nbsp;<\/p>[\/et_pb_text][\/et_pb_column][\/et_pb_row][\/et_pb_section]\n","protected":false},"excerpt":{"rendered":"<p>Con el objetivo de fortalecer el bienestar y las trayectorias educativas de las adolescentes de nuestra jurisdicci\u00f3n, la UGEL 04 firm\u00f3 un convenio de cooperaci\u00f3n interinstitucional con la ONG CARE [&hellip;]<\/p>\n","protected":false},"author":1,"featured_media":259194,"comment_status":"open","ping_status":"open","sticky":false,"template":"","format":"standard","meta":{"_et_pb_use_builder":"on","_et_pb_old_content":"","_et_gb_content_width":"1080","footnotes":""},"categories":[10],"tags":[],"class_list":["post-259193","post","type-post","status-publish","format-standard","has-post-thumbnail","hentry","category-noticias"],"_links":{"self":[{"href":"https:\/\/ugel04.gob.pe\/home\/wp-json\/wp\/v2\/posts\/259193","targetHints":{"allow":["GET"]}}],"collection":[{"href":"https:\/\/ugel04.gob.pe\/home\/wp-json\/wp\/v2\/posts"}],"about":[{"href":"https:\/\/ugel04.gob.pe\/home\/wp-json\/wp\/v2\/types\/post"}],"author":[{"embeddable":true,"href":"https:\/\/ugel04.gob.pe\/home\/wp-json\/wp\/v2\/users\/1"}],"replies":[{"embeddable":true,"href":"https:\/\/ugel04.gob.pe\/home\/wp-json\/wp\/v2\/comments?post=259193"}],"version-history":[{"count":3,"href":"https:\/\/ugel04.gob.pe\/home\/wp-json\/wp\/v2\/posts\/259193\/revisions"}],"predecessor-version":[{"id":259197,"href":"https:\/\/ugel04.gob.pe\/home\/wp-json\/wp\/v2\/posts\/259193\/revisions\/259197"}],"wp:featuredmedia":[{"embeddable":true,"href":"https:\/\/ugel04.gob.pe\/home\/wp-json\/wp\/v2\/media\/259194"}],"wp:attachment":[{"href":"https:\/\/ugel04.gob.pe\/home\/wp-json\/wp\/v2\/media?parent=259193"}],"wp:term":[{"taxonomy":"category","embeddable":true,"href":"https:\/\/ugel04.gob.pe\/home\/wp-json\/wp\/v2\/categories?post=259193"},{"taxonomy":"post_tag","embeddable":true,"href":"https:\/\/ugel04.gob.pe\/home\/wp-json\/wp\/v2\/tags?post=259193"}],"curies":[{"name":"wp","href":"https:\/\/api.w.org\/{rel}","templated":true}]}}