{"id":259113,"date":"2025-04-22T11:07:59","date_gmt":"2025-04-22T16:07:59","guid":{"rendered":"https:\/\/ugel04.gob.pe\/home\/?p=259113"},"modified":"2025-04-22T11:07:59","modified_gmt":"2025-04-22T16:07:59","slug":"ugel-04-participa-en-la-entrega-de-llaves-de-la-escuela-bicentenario-8184-san-benito-en-carabayllo","status":"publish","type":"post","link":"https:\/\/ugel04.gob.pe\/home\/ugel-04-participa-en-la-entrega-de-llaves-de-la-escuela-bicentenario-8184-san-benito-en-carabayllo\/","title":{"rendered":"UGEL 04 PARTICIPA EN LA ENTREGA DE LLAVES DE LA ESCUELA BICENTENARIO 8184 SAN BENITO EN CARABAYLLO"},"content":{"rendered":"<p>[et_pb_section fb_built=\u00bb1&#8243; theme_builder_area=\u00bbpost_content\u00bb _builder_version=\u00bb4.27.4&#8243; _module_preset=\u00bbdefault\u00bb da_is_popup=\u00bboff\u00bb da_exit_intent=\u00bboff\u00bb da_has_close=\u00bbon\u00bb da_alt_close=\u00bboff\u00bb da_dark_close=\u00bboff\u00bb da_not_modal=\u00bbon\u00bb da_is_singular=\u00bboff\u00bb da_with_loader=\u00bboff\u00bb da_has_shadow=\u00bbon\u00bb da_disable_devices=\u00bboff|off|off\u00bb][et_pb_row _builder_version=\u00bb4.27.4&#8243; _module_preset=\u00bbdefault\u00bb theme_builder_area=\u00bbpost_content\u00bb][et_pb_column _builder_version=\u00bb4.27.4&#8243; _module_preset=\u00bbdefault\u00bb type=\u00bb4_4&#8243; theme_builder_area=\u00bbpost_content\u00bb][et_pb_text _builder_version=\u00bb4.27.4&#8243; _module_preset=\u00bbdefault\u00bb theme_builder_area=\u00bbpost_content\u00bb hover_enabled=\u00bb0&#8243; sticky_enabled=\u00bb0&#8243;]<\/p>\n<p><strong>Con gran entusiasmo, la comunidad educativa de Carabayllo celebr\u00f3 la entrega de la nueva infraestructura de la Instituci\u00f3n Educativa 8184 San Benito, una obra moderna y funcional que beneficiar\u00e1 a m\u00e1s de 1,700 estudiantes de los niveles inicial, primaria y secundaria.<\/strong><\/p>\n<p><span>Durante la ceremonia, representantes del Proyecto Especial de Inversi\u00f3n P\u00fablica Escuelas Bicentenario (PEIP), junto a autoridades de la UGEL 04, directivos, docentes, estudiantes, padres de familia y miembros de la Polic\u00eda Nacional, participaron en la entrega oficial de llaves del renovado plantel, consolidando uno de los proyectos m\u00e1s emblem\u00e1ticos del programa Bicentenario en este distrito.<\/span><\/p>\n<p><span>El nuevo local educativo cuenta con aulas modernas, laboratorios, talleres de educaci\u00f3n para el trabajo, dos losas deportivas, espacios amplios y seguros, as\u00ed como tecnolog\u00eda de \u00faltima generaci\u00f3n, todo orientado a fortalecer el aprendizaje y preparar a los estudiantes.<\/span><\/p>\n<p><span>Uno de los principales atractivos es su auditorio de gran capacidad, ideal para eventos acad\u00e9micos y culturales, que reafirma el compromiso con una educaci\u00f3n de calidad e inclusiva.<\/span><\/p>\n<p><span>La jornada estuvo marcada por emotivos momentos, con presentaciones art\u00edsticas de la banda escolar y el elenco de danza, que dieron el toque festivo a una celebraci\u00f3n hist\u00f3rica para la comunidad educativa de San Benito.<\/span><\/p>\n<p><span>Con m\u00e1s de 10,000 metros cuadrados de infraestructura educativa, la IE 8184 se convierte en un s\u00edmbolo de progreso y esperanza para miles de familias de Carabayllo.<\/span><\/p>\n<p>[\/et_pb_text][\/et_pb_column][\/et_pb_row][\/et_pb_section]<\/p>\n","protected":false},"excerpt":{"rendered":"<p>Con gran entusiasmo, la comunidad educativa de Carabayllo celebr\u00f3 la entrega de la nueva infraestructura de la Instituci\u00f3n Educativa 8184 San Benito, una obra moderna y funcional que beneficiar\u00e1 a [&hellip;]<\/p>\n","protected":false},"author":1,"featured_media":259114,"comment_status":"closed","ping_status":"open","sticky":false,"template":"","format":"standard","meta":{"_et_pb_use_builder":"on","_et_pb_old_content":"","_et_gb_content_width":"1080","footnotes":""},"categories":[10],"tags":[],"class_list":["post-259113","post","type-post","status-publish","format-standard","has-post-thumbnail","hentry","category-noticias"],"_links":{"self":[{"href":"https:\/\/ugel04.gob.pe\/home\/wp-json\/wp\/v2\/posts\/259113","targetHints":{"allow":["GET"]}}],"collection":[{"href":"https:\/\/ugel04.gob.pe\/home\/wp-json\/wp\/v2\/posts"}],"about":[{"href":"https:\/\/ugel04.gob.pe\/home\/wp-json\/wp\/v2\/types\/post"}],"author":[{"embeddable":true,"href":"https:\/\/ugel04.gob.pe\/home\/wp-json\/wp\/v2\/users\/1"}],"replies":[{"embeddable":true,"href":"https:\/\/ugel04.gob.pe\/home\/wp-json\/wp\/v2\/comments?post=259113"}],"version-history":[{"count":2,"href":"https:\/\/ugel04.gob.pe\/home\/wp-json\/wp\/v2\/posts\/259113\/revisions"}],"predecessor-version":[{"id":259117,"href":"https:\/\/ugel04.gob.pe\/home\/wp-json\/wp\/v2\/posts\/259113\/revisions\/259117"}],"wp:featuredmedia":[{"embeddable":true,"href":"https:\/\/ugel04.gob.pe\/home\/wp-json\/wp\/v2\/media\/259114"}],"wp:attachment":[{"href":"https:\/\/ugel04.gob.pe\/home\/wp-json\/wp\/v2\/media?parent=259113"}],"wp:term":[{"taxonomy":"category","embeddable":true,"href":"https:\/\/ugel04.gob.pe\/home\/wp-json\/wp\/v2\/categories?post=259113"},{"taxonomy":"post_tag","embeddable":true,"href":"https:\/\/ugel04.gob.pe\/home\/wp-json\/wp\/v2\/tags?post=259113"}],"curies":[{"name":"wp","href":"https:\/\/api.w.org\/{rel}","templated":true}]}}