{"id":259093,"date":"2025-04-16T15:10:15","date_gmt":"2025-04-16T20:10:15","guid":{"rendered":"https:\/\/ugel04.gob.pe\/home\/?p=259093"},"modified":"2025-04-16T15:10:35","modified_gmt":"2025-04-16T20:10:35","slug":"bienvenida-a-23-flamantes-directores-que-asumen-plazas-de-reciente-creacion","status":"publish","type":"post","link":"https:\/\/ugel04.gob.pe\/home\/bienvenida-a-23-flamantes-directores-que-asumen-plazas-de-reciente-creacion\/","title":{"rendered":"BIENVENIDA A 23 FLAMANTES DIRECTORES QUE ASUMEN PLAZAS DE RECIENTE CREACI\u00d3N"},"content":{"rendered":"<p>[et_pb_section fb_built=\u00bb1&#8243; theme_builder_area=\u00bbpost_content\u00bb _builder_version=\u00bb4.27.4&#8243; _module_preset=\u00bbdefault\u00bb da_is_popup=\u00bboff\u00bb da_exit_intent=\u00bboff\u00bb da_has_close=\u00bbon\u00bb da_alt_close=\u00bboff\u00bb da_dark_close=\u00bboff\u00bb da_not_modal=\u00bbon\u00bb da_is_singular=\u00bboff\u00bb da_with_loader=\u00bboff\u00bb da_has_shadow=\u00bbon\u00bb da_disable_devices=\u00bboff|off|off\u00bb][et_pb_row _builder_version=\u00bb4.27.4&#8243; _module_preset=\u00bbdefault\u00bb theme_builder_area=\u00bbpost_content\u00bb][et_pb_column _builder_version=\u00bb4.27.4&#8243; _module_preset=\u00bbdefault\u00bb type=\u00bb4_4&#8243; theme_builder_area=\u00bbpost_content\u00bb][et_pb_text _builder_version=\u00bb4.27.4&#8243; _module_preset=\u00bbdefault\u00bb theme_builder_area=\u00bbpost_content\u00bb hover_enabled=\u00bb0&#8243; sticky_enabled=\u00bb0&#8243;]<\/p>\n<p>En una emotiva ceremonia realizada en la IE 2100 Juan Velasco Alvarado de Comas, la UGEL 04 dio la bienvenida a 23 nuevos directores de instituciones educativas, cuyas plazas fueron creadas recientemente por el Ministerio de Educaci\u00f3n (Minedu), gracias a la gesti\u00f3n y pedido expreso de nuestra entidad.<\/p>\n<p>Asimismo, el evento sirvi\u00f3 de escenario para agradecer el gran trabajo realizado por los docentes que ostentaban el cargo de directores por funci\u00f3n en las 23 escuelas, el cual ha cimentado las bases para que los flamantes directivos entrantes desarrollen una gesti\u00f3n prol\u00edfica a favor de la comunidad educativa, principalmente en beneficio de los estudiantes.<\/p>\n<p>En este contexto, la directora de la UGEL 04, en nombre de la sociedad, agradeci\u00f3 a los maestros que cumplieron con \u00e9xito su rol directivo en adici\u00f3n a sus funciones, \u201creconocemos y elogiamos su labor sacrificada, porque es muy dif\u00edcil ejercer docencia en el aula y a la vez gestionar a nivel corporativo. Ahora desde el lugar en que se encuentren, les encomiendo servir de asesores y apoyar a los directores entrantes, a fin de que continuar con el extraordinario trabajo que ven\u00edan desarrollando\u201d, refiri\u00f3.<\/p>\n<p>En seguida, la titular de nuestra entidad felicit\u00f3 a los directores entrantes, record\u00e1ndoles que asumir\u00e1n un trabajo desafiante, en espacios geogr\u00e1ficos duros y con una demograf\u00eda en constante expansi\u00f3n, \u201cconfiamos en su gran capacidad. Tengo las mayores expectativas de su trabajo, porque s\u00e9 que continuar\u00e1n las obras de sus antecesores. Para ello, les pido fortalecer el clima interno, sumar como gestores institucionales y l\u00edderes pedag\u00f3gicos, a fin de potenciar los aprendizajes\u201d, concluy\u00f3.<\/p>\n<p>Cabe se\u00f1alar que, la reciente creaci\u00f3n de 23 plazas de cargos directivos y la selecci\u00f3n de los docentes que asumen dichos cargos tras un riguroso proceso de evaluaci\u00f3n, forma parte de las acciones y logros planteados en marco de la Ley de la Reforma Magisterial, la cual pondera la meritocracia como mecanismo para contribuir a la mejora de la calidad educativa en nuestro pa\u00eds.<\/p>\n<p><strong>Plazas de incremento directivo 2025<\/strong><\/p>\n<p>\u00a0Las instituciones educativas con nuevas plazas de director gestionadas por la UGEL 04 y aprobadas presupuestalmente por el Minedu, son las siguientes:<\/p>\n<table>\n<tbody>\n<tr>\n<td width=\"29\">\n<p><strong>N\u00b0<\/strong><\/p>\n<\/td>\n<td width=\"254\">\n<p><strong>IE<\/strong><\/p>\n<\/td>\n<td width=\"170\">\n<p><strong>Nivel<\/strong><\/p>\n<\/td>\n<td width=\"113\">\n<p><strong>Plaza de Incremento<\/strong><\/p>\n<\/td>\n<\/tr>\n<tr>\n<td width=\"29\">\n<p>1<\/p>\n<\/td>\n<td width=\"254\">\n<p>8177 El Rosario de Jicamarca<\/p>\n<\/td>\n<td width=\"170\">\n<p>Inicial &#8211; Jard\u00edn- Primaria<\/p>\n<\/td>\n<td width=\"113\">\n<p>Director<\/p>\n<\/td>\n<\/tr>\n<tr>\n<td width=\"29\">\n<p>2<\/p>\n<\/td>\n<td width=\"254\">\n<p>343 San Pedro de Choque<\/p>\n<\/td>\n<td width=\"170\">\n<p>Primaria<\/p>\n<\/td>\n<td width=\"113\">\n<p>Director<\/p>\n<\/td>\n<\/tr>\n<tr>\n<td width=\"29\">\n<p>3<\/p>\n<\/td>\n<td width=\"254\">\n<p>M\u00f3dulo Santa Rosa<\/p>\n<\/td>\n<td width=\"170\">\n<p>Inicial &#8211; Jard\u00edn<\/p>\n<\/td>\n<td width=\"113\">\n<p>Director<\/p>\n<\/td>\n<\/tr>\n<tr>\n<td width=\"29\">\n<p>4<\/p>\n<\/td>\n<td width=\"254\">\n<p>379<\/p>\n<\/td>\n<td width=\"170\">\n<p>Inicial &#8211; Jard\u00edn<\/p>\n<\/td>\n<td width=\"113\">\n<p>Director<\/p>\n<\/td>\n<\/tr>\n<tr>\n<td width=\"29\">\n<p>5<\/p>\n<\/td>\n<td width=\"254\">\n<p>3097 La Naci\u00f3n de San Judas Tadeo<\/p>\n<\/td>\n<td width=\"170\">\n<p>Primaria<\/p>\n<\/td>\n<td width=\"113\">\n<p>Director<\/p>\n<\/td>\n<\/tr>\n<tr>\n<td width=\"29\">\n<p>6<\/p>\n<\/td>\n<td width=\"254\">\n<p>586 El Dorado<\/p>\n<\/td>\n<td width=\"170\">\n<p>Inicial &#8211; Jard\u00edn<\/p>\n<\/td>\n<td width=\"113\">\n<p>Director<\/p>\n<\/td>\n<\/tr>\n<tr>\n<td width=\"29\">\n<p>7<\/p>\n<\/td>\n<td width=\"254\">\n<p>8163 Santiago Ap\u00f3stol de Punchauca<\/p>\n<\/td>\n<td width=\"170\">\n<p>Inicial &#8211; Jard\u00edn- Primaria<\/p>\n<\/td>\n<td width=\"113\">\n<p>Director<\/p>\n<\/td>\n<\/tr>\n<tr>\n<td width=\"29\">\n<p>8<\/p>\n<\/td>\n<td width=\"254\">\n<p>600 Antonio Raymundo<\/p>\n<\/td>\n<td width=\"170\">\n<p>Inicial &#8211; Jard\u00edn<\/p>\n<\/td>\n<td width=\"113\">\n<p>Director<\/p>\n<\/td>\n<\/tr>\n<tr>\n<td width=\"29\">\n<p>9<\/p>\n<\/td>\n<td width=\"254\">\n<p>8178<\/p>\n<\/td>\n<td width=\"170\">\n<p>Primaria<\/p>\n<\/td>\n<td width=\"113\">\n<p>Director<\/p>\n<\/td>\n<\/tr>\n<tr>\n<td width=\"29\">\n<p>10<\/p>\n<\/td>\n<td width=\"254\">\n<p>884<\/p>\n<\/td>\n<td width=\"170\">\n<p>Inicial &#8211; Jard\u00edn<\/p>\n<\/td>\n<td width=\"113\">\n<p>Director<\/p>\n<\/td>\n<\/tr>\n<tr>\n<td width=\"29\">\n<p>11<\/p>\n<\/td>\n<td width=\"254\">\n<p>604 Mercurio<\/p>\n<\/td>\n<td width=\"170\">\n<p>Inicial &#8211; Jard\u00edn<\/p>\n<\/td>\n<td width=\"113\">\n<p>Director<\/p>\n<\/td>\n<\/tr>\n<tr>\n<td width=\"29\">\n<p>12<\/p>\n<\/td>\n<td width=\"254\">\n<p>611<\/p>\n<\/td>\n<td width=\"170\">\n<p>Inicial &#8211; Jard\u00edn<\/p>\n<\/td>\n<td width=\"113\">\n<p>Director<\/p>\n<\/td>\n<\/tr>\n<tr>\n<td width=\"29\">\n<p>13<\/p>\n<\/td>\n<td width=\"254\">\n<p>613 Virgen de F\u00e1tima<\/p>\n<\/td>\n<td width=\"170\">\n<p>Inicial &#8211; Jard\u00edn<\/p>\n<\/td>\n<td width=\"113\">\n<p>Director<\/p>\n<\/td>\n<\/tr>\n<tr>\n<td width=\"29\">\n<p>14<\/p>\n<\/td>\n<td width=\"254\">\n<p>Santa Mar\u00eda del Bosque<\/p>\n<\/td>\n<td width=\"170\">\n<p>Primaria<\/p>\n<\/td>\n<td width=\"113\">\n<p>Director<\/p>\n<\/td>\n<\/tr>\n<tr>\n<td width=\"29\">\n<p>15<\/p>\n<\/td>\n<td width=\"254\">\n<p>Profam<\/p>\n<\/td>\n<td width=\"170\">\n<p>Inicial &#8211; Primaria<\/p>\n<\/td>\n<td width=\"113\">\n<p>Director<\/p>\n<\/td>\n<\/tr>\n<tr>\n<td width=\"29\">\n<p>16<\/p>\n<\/td>\n<td width=\"254\">\n<p>8191 Virgen de Aranzazu<\/p>\n<\/td>\n<td width=\"170\">\n<p>Primaria<\/p>\n<\/td>\n<td width=\"113\">\n<p>Director<\/p>\n<\/td>\n<\/tr>\n<tr>\n<td width=\"29\">\n<p>17<\/p>\n<\/td>\n<td width=\"254\">\n<p>Divino Ni\u00f1o del Milagro<\/p>\n<\/td>\n<td width=\"170\">\n<p>Inicial &#8211; Primaria<\/p>\n<\/td>\n<td width=\"113\">\n<p>Director<\/p>\n<\/td>\n<\/tr>\n<tr>\n<td width=\"29\">\n<p>18<\/p>\n<\/td>\n<td width=\"254\">\n<p>Diocesano Santo Tom\u00e1s de Valencia<\/p>\n<\/td>\n<td width=\"170\">\n<p>Inicial \u2013 Primaria &#8211; Secundaria<\/p>\n<\/td>\n<td width=\"113\">\n<p>Director<\/p>\n<\/td>\n<\/tr>\n<tr>\n<td width=\"29\">\n<p>19<\/p>\n<\/td>\n<td width=\"254\">\n<p>Estrellita del Saber<\/p>\n<\/td>\n<td width=\"170\">\n<p>Inicial \u2013 Jard\u00edn<\/p>\n<\/td>\n<td width=\"113\">\n<p>Director<\/p>\n<\/td>\n<\/tr>\n<tr>\n<td width=\"29\">\n<p>20<\/p>\n<\/td>\n<td width=\"254\">\n<p>Para\u00edso del Norte I<\/p>\n<\/td>\n<td width=\"170\">\n<p>Inicial \u2013 Jard\u00edn<\/p>\n<\/td>\n<td width=\"113\">\n<p>Director<\/p>\n<\/td>\n<\/tr>\n<tr>\n<td width=\"29\">\n<p>21<\/p>\n<\/td>\n<td width=\"254\">\n<p>San Mart\u00edn I<\/p>\n<\/td>\n<td width=\"170\">\n<p>Inicial \u2013 Jard\u00edn<\/p>\n<\/td>\n<td width=\"113\">\n<p>Director<\/p>\n<\/td>\n<\/tr>\n<tr>\n<td width=\"29\">\n<p>22<\/p>\n<\/td>\n<td width=\"254\">\n<p>Torreblanca<\/p>\n<\/td>\n<td width=\"170\">\n<p>Secundaria<\/p>\n<\/td>\n<td width=\"113\">\n<p>Director<\/p>\n<\/td>\n<\/tr>\n<tr>\n<td width=\"29\">\n<p>23<\/p>\n<\/td>\n<td width=\"254\">\n<p>8167<\/p>\n<\/td>\n<td width=\"170\">\n<p>Primaria &#8211; Secundaria<\/p>\n<\/td>\n<td width=\"113\">\n<p>Director<\/p>\n<\/td>\n<\/tr>\n<\/tbody>\n<\/table>\n<p>&nbsp;<\/p>\n<p>[\/et_pb_text][\/et_pb_column][\/et_pb_row][\/et_pb_section]<\/p>\n","protected":false},"excerpt":{"rendered":"<p>En una emotiva ceremonia realizada en la IE 2100 Juan Velasco Alvarado de Comas, la UGEL 04 dio la bienvenida a 23 nuevos directores de instituciones educativas, cuyas plazas fueron [&hellip;]<\/p>\n","protected":false},"author":1,"featured_media":259094,"comment_status":"open","ping_status":"open","sticky":false,"template":"","format":"standard","meta":{"_et_pb_use_builder":"on","_et_pb_old_content":"","_et_gb_content_width":"1080","footnotes":""},"categories":[10],"tags":[],"class_list":["post-259093","post","type-post","status-publish","format-standard","has-post-thumbnail","hentry","category-noticias"],"_links":{"self":[{"href":"https:\/\/ugel04.gob.pe\/home\/wp-json\/wp\/v2\/posts\/259093","targetHints":{"allow":["GET"]}}],"collection":[{"href":"https:\/\/ugel04.gob.pe\/home\/wp-json\/wp\/v2\/posts"}],"about":[{"href":"https:\/\/ugel04.gob.pe\/home\/wp-json\/wp\/v2\/types\/post"}],"author":[{"embeddable":true,"href":"https:\/\/ugel04.gob.pe\/home\/wp-json\/wp\/v2\/users\/1"}],"replies":[{"embeddable":true,"href":"https:\/\/ugel04.gob.pe\/home\/wp-json\/wp\/v2\/comments?post=259093"}],"version-history":[{"count":2,"href":"https:\/\/ugel04.gob.pe\/home\/wp-json\/wp\/v2\/posts\/259093\/revisions"}],"predecessor-version":[{"id":259096,"href":"https:\/\/ugel04.gob.pe\/home\/wp-json\/wp\/v2\/posts\/259093\/revisions\/259096"}],"wp:featuredmedia":[{"embeddable":true,"href":"https:\/\/ugel04.gob.pe\/home\/wp-json\/wp\/v2\/media\/259094"}],"wp:attachment":[{"href":"https:\/\/ugel04.gob.pe\/home\/wp-json\/wp\/v2\/media?parent=259093"}],"wp:term":[{"taxonomy":"category","embeddable":true,"href":"https:\/\/ugel04.gob.pe\/home\/wp-json\/wp\/v2\/categories?post=259093"},{"taxonomy":"post_tag","embeddable":true,"href":"https:\/\/ugel04.gob.pe\/home\/wp-json\/wp\/v2\/tags?post=259093"}],"curies":[{"name":"wp","href":"https:\/\/api.w.org\/{rel}","templated":true}]}}