{"id":259083,"date":"2025-04-16T09:40:32","date_gmt":"2025-04-16T14:40:32","guid":{"rendered":"https:\/\/ugel04.gob.pe\/home\/?p=259083"},"modified":"2025-04-16T14:43:14","modified_gmt":"2025-04-16T19:43:14","slug":"ugel-04-capacita-a-psicologos-en-taller-que-promueve-el-bienestar-y-buen-vivir","status":"publish","type":"post","link":"https:\/\/ugel04.gob.pe\/home\/ugel-04-capacita-a-psicologos-en-taller-que-promueve-el-bienestar-y-buen-vivir\/","title":{"rendered":"UGEL 04 IMPULSA ESTRATEGIA \u201cESCUELAS DE BIENESTAR QUE ASEGURAN EL BUEN VIVIR\u00bb"},"content":{"rendered":"\n[et_pb_section fb_built=\u00bb1&#8243; _builder_version=\u00bb4.27.4&#8243; _module_preset=\u00bbdefault\u00bb da_disable_devices=\u00bboff|off|off\u00bb global_colors_info=\u00bb{}\u00bb da_is_popup=\u00bboff\u00bb da_exit_intent=\u00bboff\u00bb da_has_close=\u00bbon\u00bb da_alt_close=\u00bboff\u00bb da_dark_close=\u00bboff\u00bb da_not_modal=\u00bbon\u00bb da_is_singular=\u00bboff\u00bb da_with_loader=\u00bboff\u00bb da_has_shadow=\u00bbon\u00bb][et_pb_row _builder_version=\u00bb4.27.4&#8243; _module_preset=\u00bbdefault\u00bb hover_enabled=\u00bb0&#8243; global_colors_info=\u00bb{}\u00bb sticky_enabled=\u00bb0&#8243;][et_pb_column type=\u00bb4_4&#8243; _builder_version=\u00bb4.27.4&#8243; _module_preset=\u00bbdefault\u00bb global_colors_info=\u00bb{}\u00bb][et_pb_text _builder_version=\u00bb4.27.4&#8243; _module_preset=\u00bbdefault\u00bb hover_enabled=\u00bb0&#8243; sticky_enabled=\u00bb0&#8243;]<p><strong>Con el objetivo de promover el desarrollo socioemocional de la comunidad <span class=\"html-span xdj266r x11i5rnm xat24cr x1mh8g0r xexx8yu x4uap5 x18d9i69 xkhd6sd x1hl2dhg x16tdsg8 x1vvkbs\"><a class=\"html-a xdj266r x11i5rnm xat24cr x1mh8g0r xexx8yu x4uap5 x18d9i69 xkhd6sd x1hl2dhg x16tdsg8 x1vvkbs\" tabindex=\"-1\"><\/a><\/span>educativa y generar entornos seguros y saludables, la UGEL 04 ha puesto en marcha la estrategia \u201cEscuelas de bienestar que aseguran el buen vivir\u201d. Esta iniciativa, liderada por el \u00c1rea de Gesti\u00f3n de la Educaci\u00f3n B\u00e1sica Regular (AGEBRE), cuenta con la participaci\u00f3n activa de 59 psic\u00f3logos distribuidos en 82 instituciones educativas focalizadas.<\/strong><\/p>\n<p data-start=\"689\" data-end=\"892\" class=\"\">La estrategia busca promover el desarrollo de habilidades socioemocionales en toda la comunidad educativa, y se viene articulando con las seis intervenciones pedag\u00f3gicas que se desarrollan en la UGEL 04.<\/p>\n<p data-start=\"894\" data-end=\"1022\" class=\"\">Durante el lanzamiento, se presentaron las principales l\u00edneas de acci\u00f3n de la estrategia, que abarcan cuatro ejes fundamentales:<\/p>\n<ul data-start=\"1024\" data-end=\"1535\">\n<li data-start=\"1024\" data-end=\"1122\" class=\"\">\n<p data-start=\"1026\" data-end=\"1122\" class=\"\"><strong data-start=\"1026\" data-end=\"1040\">Formativa:<\/strong> implementaci\u00f3n de planes tutoriales, sesiones formativas y normas de convivencia.<\/p>\n<\/li>\n<li data-start=\"1123\" data-end=\"1244\" class=\"\">\n<p data-start=\"1125\" data-end=\"1244\" class=\"\"><strong data-start=\"1125\" data-end=\"1141\">Promocional:<\/strong> realizaci\u00f3n de campa\u00f1as institucionales orientadas a decir \u201cno\u201d al consumo de sustancias psicoactivas.<\/p>\n<\/li>\n<li data-start=\"1245\" data-end=\"1368\" class=\"\">\n<p data-start=\"1247\" data-end=\"1368\" class=\"\"><strong data-start=\"1247\" data-end=\"1262\">Preventiva:<\/strong> organizaci\u00f3n bimestral de jornadas de prevenci\u00f3n de la violencia, dirigidas a padres y madres de familia.<\/p>\n<\/li>\n<li data-start=\"1369\" data-end=\"1535\" class=\"\">\n<p data-start=\"1371\" data-end=\"1535\" class=\"\"><strong data-start=\"1371\" data-end=\"1397\">Atenci\u00f3n y derivaci\u00f3n:<\/strong> trabajo individual con estudiantes, articulaci\u00f3n con aliados estrat\u00e9gicos, uso del sistema SISEVE y aplicaci\u00f3n de protocolos de atenci\u00f3n.<\/p>\n<\/li>\n<\/ul>\n<p data-start=\"1537\" data-end=\"1787\" class=\"\">Asimismo, se desarrollaron espacios de socializaci\u00f3n para alinear las acciones con los equipos psicopedag\u00f3gicos y se registraron acuerdos de compromiso que permitir\u00e1n dar seguimiento a la implementaci\u00f3n de la estrategia en las escuelas participantes.<\/p>\n<p data-start=\"1789\" data-end=\"1976\" class=\"\">Con esta iniciativa, la UGEL 04 reafirma su compromiso con el bienestar integral de los estudiantes y con la creaci\u00f3n de entornos escolares seguros, saludables y emocionalmente positivos.<\/p>[\/et_pb_text][\/et_pb_column][\/et_pb_row][\/et_pb_section]\n","protected":false},"excerpt":{"rendered":"<p>Con el objetivo de promover el desarrollo socioemocional de la comunidad educativa y generar entornos seguros y saludables, la UGEL 04 ha puesto en marcha la estrategia \u201cEscuelas de bienestar [&hellip;]<\/p>\n","protected":false},"author":1,"featured_media":259084,"comment_status":"closed","ping_status":"closed","sticky":false,"template":"","format":"standard","meta":{"_et_pb_use_builder":"on","_et_pb_old_content":"","_et_gb_content_width":"1080","footnotes":""},"categories":[10],"tags":[],"class_list":["post-259083","post","type-post","status-publish","format-standard","has-post-thumbnail","hentry","category-noticias"],"_links":{"self":[{"href":"https:\/\/ugel04.gob.pe\/home\/wp-json\/wp\/v2\/posts\/259083","targetHints":{"allow":["GET"]}}],"collection":[{"href":"https:\/\/ugel04.gob.pe\/home\/wp-json\/wp\/v2\/posts"}],"about":[{"href":"https:\/\/ugel04.gob.pe\/home\/wp-json\/wp\/v2\/types\/post"}],"author":[{"embeddable":true,"href":"https:\/\/ugel04.gob.pe\/home\/wp-json\/wp\/v2\/users\/1"}],"replies":[{"embeddable":true,"href":"https:\/\/ugel04.gob.pe\/home\/wp-json\/wp\/v2\/comments?post=259083"}],"version-history":[{"count":7,"href":"https:\/\/ugel04.gob.pe\/home\/wp-json\/wp\/v2\/posts\/259083\/revisions"}],"predecessor-version":[{"id":259092,"href":"https:\/\/ugel04.gob.pe\/home\/wp-json\/wp\/v2\/posts\/259083\/revisions\/259092"}],"wp:featuredmedia":[{"embeddable":true,"href":"https:\/\/ugel04.gob.pe\/home\/wp-json\/wp\/v2\/media\/259084"}],"wp:attachment":[{"href":"https:\/\/ugel04.gob.pe\/home\/wp-json\/wp\/v2\/media?parent=259083"}],"wp:term":[{"taxonomy":"category","embeddable":true,"href":"https:\/\/ugel04.gob.pe\/home\/wp-json\/wp\/v2\/categories?post=259083"},{"taxonomy":"post_tag","embeddable":true,"href":"https:\/\/ugel04.gob.pe\/home\/wp-json\/wp\/v2\/tags?post=259083"}],"curies":[{"name":"wp","href":"https:\/\/api.w.org\/{rel}","templated":true}]}}