{"id":259078,"date":"2025-04-15T17:29:46","date_gmt":"2025-04-15T22:29:46","guid":{"rendered":"https:\/\/ugel04.gob.pe\/home\/?p=259078"},"modified":"2025-04-15T17:44:11","modified_gmt":"2025-04-15T22:44:11","slug":"se-inicia-ano-lectivo-de-programa-educativo-para-adultos-mayores","status":"publish","type":"post","link":"https:\/\/ugel04.gob.pe\/home\/se-inicia-ano-lectivo-de-programa-educativo-para-adultos-mayores\/","title":{"rendered":"SE INICIA A\u00d1O LECTIVO DE PROGRAMA EDUCATIVO PARA ADULTOS MAYORES"},"content":{"rendered":"<p>[et_pb_section fb_built=\u00bb1&#8243; theme_builder_area=\u00bbpost_content\u00bb _builder_version=\u00bb4.27.4&#8243; _module_preset=\u00bbdefault\u00bb da_is_popup=\u00bboff\u00bb da_exit_intent=\u00bboff\u00bb da_has_close=\u00bbon\u00bb da_alt_close=\u00bboff\u00bb da_dark_close=\u00bboff\u00bb da_not_modal=\u00bbon\u00bb da_is_singular=\u00bboff\u00bb da_with_loader=\u00bboff\u00bb da_has_shadow=\u00bbon\u00bb da_disable_devices=\u00bboff|off|off\u00bb][et_pb_row _builder_version=\u00bb4.27.4&#8243; _module_preset=\u00bbdefault\u00bb theme_builder_area=\u00bbpost_content\u00bb][et_pb_column _builder_version=\u00bb4.27.4&#8243; _module_preset=\u00bbdefault\u00bb type=\u00bb4_4&#8243; theme_builder_area=\u00bbpost_content\u00bb][et_pb_text _builder_version=\u00bb4.27.4&#8243; _module_preset=\u00bbdefault\u00bb theme_builder_area=\u00bbpost_content\u00bb hover_enabled=\u00bb0&#8243; sticky_enabled=\u00bb0&#8243;]<\/p>\n<p>Con una colorida y emotiva ceremonia realizada en la instituci\u00f3n educativa N\u00b0 2051 El Progreso\u201d, se dio inicio el A\u00f1o Escolar 2025 para los estudiantes del Programa Educativo para Adultos Mayores del distrito de Carabayllo; un evento organizado por la red de Centros de Educaci\u00f3n B\u00e1sica Alternativa (CEBA), que brinda atenci\u00f3n educativa a m\u00e1s de 200 adultos mayores en la zona.<\/p>\n<p>Durante la ceremonia, se presentaron danzas t\u00edpicas, discursos y poemas en quechua, las mismas que destacaron la importancia de preservar nuestras lenguas originarias y revalorar el rol del adulto mayor en la comunidad.<\/p>\n<p>La actividad cont\u00f3 con la presencia del jefe de AGEBATP, especialistas regionales de la DRE Lima Metropolitana, representantes de la Municipalidad de Lima, del sector salud, as\u00ed como dirigentes de organizaciones de adultos mayores. Tambi\u00e9n, participaron activamente instituciones vinculadas a este programa educativo como Fe y Alegr\u00eda, Trompeteros, CEBA PAEBA y Carlos Wiesse.<\/p>\n<p>Las clases se llevar\u00e1n a cabo de lunes a viernes, en el horario de 2:00 p.m. a 5:00 p.m., en los diferentes CEBA de la zona. Las personas interesadas en inscribirse pueden acercarse al CEBA PAEBA, as\u00ed como a otros centros educativos como Fe y Alegr\u00eda, Trompeteros o Carlos Wiesse, que tambi\u00e9n implementan el modelo educativo del Programa Adulto Mayor en Carabayllo.<\/p>\n<p>Esta apertura fortalece el acceso a la educaci\u00f3n para todos y todas, especialmente para quienes, a pesar del paso de los a\u00f1os, contin\u00faan apostando por el aprendizaje y el desarrollo personal.<\/p>\n<p>&nbsp;<\/p>\n<p>[\/et_pb_text][\/et_pb_column][\/et_pb_row][\/et_pb_section]<\/p>\n","protected":false},"excerpt":{"rendered":"<p>Con una colorida y emotiva ceremonia realizada en la instituci\u00f3n educativa N\u00b0 2051 El Progreso\u201d, se dio inicio el A\u00f1o Escolar 2025 para los estudiantes del Programa Educativo para Adultos [&hellip;]<\/p>\n","protected":false},"author":1,"featured_media":259079,"comment_status":"open","ping_status":"open","sticky":false,"template":"","format":"standard","meta":{"_et_pb_use_builder":"on","_et_pb_old_content":"","_et_gb_content_width":"1080","footnotes":""},"categories":[10],"tags":[],"class_list":["post-259078","post","type-post","status-publish","format-standard","has-post-thumbnail","hentry","category-noticias"],"_links":{"self":[{"href":"https:\/\/ugel04.gob.pe\/home\/wp-json\/wp\/v2\/posts\/259078","targetHints":{"allow":["GET"]}}],"collection":[{"href":"https:\/\/ugel04.gob.pe\/home\/wp-json\/wp\/v2\/posts"}],"about":[{"href":"https:\/\/ugel04.gob.pe\/home\/wp-json\/wp\/v2\/types\/post"}],"author":[{"embeddable":true,"href":"https:\/\/ugel04.gob.pe\/home\/wp-json\/wp\/v2\/users\/1"}],"replies":[{"embeddable":true,"href":"https:\/\/ugel04.gob.pe\/home\/wp-json\/wp\/v2\/comments?post=259078"}],"version-history":[{"count":2,"href":"https:\/\/ugel04.gob.pe\/home\/wp-json\/wp\/v2\/posts\/259078\/revisions"}],"predecessor-version":[{"id":259081,"href":"https:\/\/ugel04.gob.pe\/home\/wp-json\/wp\/v2\/posts\/259078\/revisions\/259081"}],"wp:featuredmedia":[{"embeddable":true,"href":"https:\/\/ugel04.gob.pe\/home\/wp-json\/wp\/v2\/media\/259079"}],"wp:attachment":[{"href":"https:\/\/ugel04.gob.pe\/home\/wp-json\/wp\/v2\/media?parent=259078"}],"wp:term":[{"taxonomy":"category","embeddable":true,"href":"https:\/\/ugel04.gob.pe\/home\/wp-json\/wp\/v2\/categories?post=259078"},{"taxonomy":"post_tag","embeddable":true,"href":"https:\/\/ugel04.gob.pe\/home\/wp-json\/wp\/v2\/tags?post=259078"}],"curies":[{"name":"wp","href":"https:\/\/api.w.org\/{rel}","templated":true}]}}