{"id":259070,"date":"2025-04-11T18:04:00","date_gmt":"2025-04-11T23:04:00","guid":{"rendered":"https:\/\/ugel04.gob.pe\/home\/?p=259070"},"modified":"2025-04-15T13:05:06","modified_gmt":"2025-04-15T18:05:06","slug":"directores-de-ii-ee-privadas-fortalecen-capacidad-de-respuesta-ante-la-inseguridad","status":"publish","type":"post","link":"https:\/\/ugel04.gob.pe\/home\/directores-de-ii-ee-privadas-fortalecen-capacidad-de-respuesta-ante-la-inseguridad\/","title":{"rendered":"DIRECTORES DE II.EE. PRIVADAS FORTALECEN CAPACIDAD DE RESPUESTA ANTE LA INSEGURIDAD"},"content":{"rendered":"\n[et_pb_section fb_built=\u00bb1&#8243; theme_builder_area=\u00bbpost_content\u00bb _builder_version=\u00bb4.27.4&#8243; _module_preset=\u00bbdefault\u00bb da_is_popup=\u00bboff\u00bb da_exit_intent=\u00bboff\u00bb da_has_close=\u00bbon\u00bb da_alt_close=\u00bboff\u00bb da_dark_close=\u00bboff\u00bb da_not_modal=\u00bbon\u00bb da_is_singular=\u00bboff\u00bb da_with_loader=\u00bboff\u00bb da_has_shadow=\u00bbon\u00bb da_disable_devices=\u00bboff|off|off\u00bb][et_pb_row _builder_version=\u00bb4.27.4&#8243; _module_preset=\u00bbdefault\u00bb theme_builder_area=\u00bbpost_content\u00bb][et_pb_column _builder_version=\u00bb4.27.4&#8243; _module_preset=\u00bbdefault\u00bb type=\u00bb4_4&#8243; theme_builder_area=\u00bbpost_content\u00bb][et_pb_text _builder_version=\u00bb4.27.4&#8243; _module_preset=\u00bbdefault\u00bb theme_builder_area=\u00bbpost_content\u00bb hover_enabled=\u00bb0&#8243; sticky_enabled=\u00bb0&#8243;]<p><strong>Con el objetivo de fortalecer la capacidad de respuesta ante situaciones de riesgo en instituciones educativas privadas, el Ministerio del Interior (Mininter) y la Direcci\u00f3n Regional de Educaci\u00f3n de Lima Metropolitana (DRELM) desarrollaron una jornada de capacitaci\u00f3n dirigida a m\u00e1s de 150 directores y promotores de la UGEL 04.<\/strong><\/p>\n<p>El evento abord\u00f3 temas clave para enfrentar el contexto de inseguridad que afecta a los colegios privados, tales como los procedimientos para denunciar casos de extorsi\u00f3n, la importancia de fortalecer la cultura de denuncia, y los lineamientos del Plan Escuelas Seguras de la Polic\u00eda Nacional del Per\u00fa. Tambi\u00e9n se destac\u00f3 el rol de las Brigadas de Autoprotecci\u00f3n Escolar (BAPE) y de la Polic\u00eda de Seguridad Ciudadana.<\/p>\n<p>Especialistas del Mininter provenientes de la Direcci\u00f3n de Investigaci\u00f3n Criminal, la Direcci\u00f3n de Polic\u00eda Comunitaria y la Direcci\u00f3n General de Seguridad Ciudadana fueron los encargados de conducir las sesiones.<\/p>\n<p>Durante el evento, estuvo presente el jefe del ASGESE de la UGEL 04, Willy V\u00e1squez, junto a especialistas del \u00e1rea.<\/p>\n<p>Esta jornada tambi\u00e9n tuvo como finalidad reducir la percepci\u00f3n de inseguridad entre directivos, promotores y padres de familia, y fortalecer la confianza en las autoridades, contribuyendo as\u00ed a un entorno escolar emocionalmente estable para ni\u00f1as, ni\u00f1os y adolescentes.<\/p>[\/et_pb_text][\/et_pb_column][\/et_pb_row][\/et_pb_section]\n","protected":false},"excerpt":{"rendered":"<p>Con el objetivo de fortalecer la capacidad de respuesta ante situaciones de riesgo en instituciones educativas privadas, el Ministerio del Interior (Mininter) y la Direcci\u00f3n Regional de Educaci\u00f3n de Lima [&hellip;]<\/p>\n","protected":false},"author":1,"featured_media":259071,"comment_status":"closed","ping_status":"closed","sticky":false,"template":"","format":"standard","meta":{"_et_pb_use_builder":"on","_et_pb_old_content":"","_et_gb_content_width":"1080","footnotes":""},"categories":[10],"tags":[],"class_list":["post-259070","post","type-post","status-publish","format-standard","has-post-thumbnail","hentry","category-noticias"],"_links":{"self":[{"href":"https:\/\/ugel04.gob.pe\/home\/wp-json\/wp\/v2\/posts\/259070","targetHints":{"allow":["GET"]}}],"collection":[{"href":"https:\/\/ugel04.gob.pe\/home\/wp-json\/wp\/v2\/posts"}],"about":[{"href":"https:\/\/ugel04.gob.pe\/home\/wp-json\/wp\/v2\/types\/post"}],"author":[{"embeddable":true,"href":"https:\/\/ugel04.gob.pe\/home\/wp-json\/wp\/v2\/users\/1"}],"replies":[{"embeddable":true,"href":"https:\/\/ugel04.gob.pe\/home\/wp-json\/wp\/v2\/comments?post=259070"}],"version-history":[{"count":3,"href":"https:\/\/ugel04.gob.pe\/home\/wp-json\/wp\/v2\/posts\/259070\/revisions"}],"predecessor-version":[{"id":259074,"href":"https:\/\/ugel04.gob.pe\/home\/wp-json\/wp\/v2\/posts\/259070\/revisions\/259074"}],"wp:featuredmedia":[{"embeddable":true,"href":"https:\/\/ugel04.gob.pe\/home\/wp-json\/wp\/v2\/media\/259071"}],"wp:attachment":[{"href":"https:\/\/ugel04.gob.pe\/home\/wp-json\/wp\/v2\/media?parent=259070"}],"wp:term":[{"taxonomy":"category","embeddable":true,"href":"https:\/\/ugel04.gob.pe\/home\/wp-json\/wp\/v2\/categories?post=259070"},{"taxonomy":"post_tag","embeddable":true,"href":"https:\/\/ugel04.gob.pe\/home\/wp-json\/wp\/v2\/tags?post=259070"}],"curies":[{"name":"wp","href":"https:\/\/api.w.org\/{rel}","templated":true}]}}