{"id":259000,"date":"2025-04-07T11:28:30","date_gmt":"2025-04-07T16:28:30","guid":{"rendered":"https:\/\/ugel04.gob.pe\/home\/?p=259000"},"modified":"2025-04-07T11:28:38","modified_gmt":"2025-04-07T16:28:38","slug":"docentes-de-eba-se-capacitan-en-mediacion-lectora-gracias-a-alianza-con-casa-de-la-literatura","status":"publish","type":"post","link":"https:\/\/ugel04.gob.pe\/home\/docentes-de-eba-se-capacitan-en-mediacion-lectora-gracias-a-alianza-con-casa-de-la-literatura\/","title":{"rendered":"DOCENTES DE EBA SE CAPACITAN EN MEDIACI\u00d3N LECTORA GRACIAS A ALIANZA CON CASA DE LA LITERATURA"},"content":{"rendered":"<p>[et_pb_section fb_built=\u00bb1&#8243; theme_builder_area=\u00bbpost_content\u00bb _builder_version=\u00bb4.27.4&#8243; _module_preset=\u00bbdefault\u00bb da_is_popup=\u00bboff\u00bb da_exit_intent=\u00bboff\u00bb da_has_close=\u00bbon\u00bb da_alt_close=\u00bboff\u00bb da_dark_close=\u00bboff\u00bb da_not_modal=\u00bbon\u00bb da_is_singular=\u00bboff\u00bb da_with_loader=\u00bboff\u00bb da_has_shadow=\u00bbon\u00bb da_disable_devices=\u00bboff|off|off\u00bb][et_pb_row _builder_version=\u00bb4.27.4&#8243; _module_preset=\u00bbdefault\u00bb theme_builder_area=\u00bbpost_content\u00bb][et_pb_column _builder_version=\u00bb4.27.4&#8243; _module_preset=\u00bbdefault\u00bb type=\u00bb4_4&#8243; theme_builder_area=\u00bbpost_content\u00bb][et_pb_text _builder_version=\u00bb4.27.4&#8243; _module_preset=\u00bbdefault\u00bb theme_builder_area=\u00bbpost_content\u00bb hover_enabled=\u00bb0&#8243; sticky_enabled=\u00bb0&#8243;]<\/p>\n<p>Con el firme prop\u00f3sito de enriquecer los procesos pedag\u00f3gicos en la modalidad de Educaci\u00f3n B\u00e1sica Alternativa (EBA), la UGEL 04, a trav\u00e9s del \u00c1rea de Gesti\u00f3n de la Educaci\u00f3n B\u00e1sica Alternativa y T\u00e9cnico Productiva (AGEBATP), viene fortaleciendo una alianza estrat\u00e9gica con la Casa de la Literatura Peruana, a trav\u00e9s de capacitaciones focalizadas dirigidas a directores y profesores de nuestros CEBA.<\/p>\n<p>En este contexto, se llev\u00f3 a cabo una jornada de instrucci\u00f3n en Mediaci\u00f3n Lectora, dirigida a directivos y docentes de comunicaci\u00f3n de la modalidad, en la cual se incidi\u00f3 en el fortalecimiento de capacidades vinculadas a la planificaci\u00f3n, selecci\u00f3n de libros, preparaci\u00f3n de la lectura y la conversaci\u00f3n; as\u00ed como, potenciar las condiciones valorativas y cr\u00edticas de los estudiantes.<\/p>\n<p>Durante esta actividad, se consolid\u00f3 el trabajo articulado entre ambas instituciones, destacando el compromiso por el desarrollo educativo. Esta cohesi\u00f3n estrat\u00e9gica permitir\u00e1 continuar impulsando acciones formativas que promuevan la lectura como herramienta clave para el aprendizaje.<\/p>\n<p>La asistencia t\u00e9cnica cont\u00f3 con la presencia del jefe de AGEBATP, Roberto Zevallos, as\u00ed como del especialista del \u00e1rea, quienes acompa\u00f1aron activamente el desarrollo de la jornada y resaltaron la importancia de integrar metodolog\u00edas innovadoras en la ense\u00f1anza de la lectura.<\/p>\n<p>[\/et_pb_text][\/et_pb_column][\/et_pb_row][\/et_pb_section]<\/p>\n","protected":false},"excerpt":{"rendered":"<p>Con el firme prop\u00f3sito de enriquecer los procesos pedag\u00f3gicos en la modalidad de Educaci\u00f3n B\u00e1sica Alternativa (EBA), la UGEL 04, a trav\u00e9s del \u00c1rea de Gesti\u00f3n de la Educaci\u00f3n B\u00e1sica [&hellip;]<\/p>\n","protected":false},"author":1,"featured_media":259001,"comment_status":"open","ping_status":"open","sticky":false,"template":"","format":"standard","meta":{"_et_pb_use_builder":"on","_et_pb_old_content":"","_et_gb_content_width":"1080","footnotes":""},"categories":[10],"tags":[],"class_list":["post-259000","post","type-post","status-publish","format-standard","has-post-thumbnail","hentry","category-noticias"],"_links":{"self":[{"href":"https:\/\/ugel04.gob.pe\/home\/wp-json\/wp\/v2\/posts\/259000","targetHints":{"allow":["GET"]}}],"collection":[{"href":"https:\/\/ugel04.gob.pe\/home\/wp-json\/wp\/v2\/posts"}],"about":[{"href":"https:\/\/ugel04.gob.pe\/home\/wp-json\/wp\/v2\/types\/post"}],"author":[{"embeddable":true,"href":"https:\/\/ugel04.gob.pe\/home\/wp-json\/wp\/v2\/users\/1"}],"replies":[{"embeddable":true,"href":"https:\/\/ugel04.gob.pe\/home\/wp-json\/wp\/v2\/comments?post=259000"}],"version-history":[{"count":2,"href":"https:\/\/ugel04.gob.pe\/home\/wp-json\/wp\/v2\/posts\/259000\/revisions"}],"predecessor-version":[{"id":259003,"href":"https:\/\/ugel04.gob.pe\/home\/wp-json\/wp\/v2\/posts\/259000\/revisions\/259003"}],"wp:featuredmedia":[{"embeddable":true,"href":"https:\/\/ugel04.gob.pe\/home\/wp-json\/wp\/v2\/media\/259001"}],"wp:attachment":[{"href":"https:\/\/ugel04.gob.pe\/home\/wp-json\/wp\/v2\/media?parent=259000"}],"wp:term":[{"taxonomy":"category","embeddable":true,"href":"https:\/\/ugel04.gob.pe\/home\/wp-json\/wp\/v2\/categories?post=259000"},{"taxonomy":"post_tag","embeddable":true,"href":"https:\/\/ugel04.gob.pe\/home\/wp-json\/wp\/v2\/tags?post=259000"}],"curies":[{"name":"wp","href":"https:\/\/api.w.org\/{rel}","templated":true}]}}