{"id":258987,"date":"2025-04-03T11:03:03","date_gmt":"2025-04-03T16:03:03","guid":{"rendered":"https:\/\/ugel04.gob.pe\/home\/?p=258987"},"modified":"2025-04-03T11:03:11","modified_gmt":"2025-04-03T16:03:11","slug":"ugel-04-instalara-mallas-raschel-en-cuatro-colegios-publicos","status":"publish","type":"post","link":"https:\/\/ugel04.gob.pe\/home\/ugel-04-instalara-mallas-raschel-en-cuatro-colegios-publicos\/","title":{"rendered":"UGEL 04 INSTALAR\u00c1 MALLAS RASCHEL EN CUATRO COLEGIOS P\u00daBLICOS"},"content":{"rendered":"<p>[et_pb_section fb_built=\u00bb1&#8243; theme_builder_area=\u00bbpost_content\u00bb _builder_version=\u00bb4.27.4&#8243; _module_preset=\u00bbdefault\u00bb da_is_popup=\u00bboff\u00bb da_exit_intent=\u00bboff\u00bb da_has_close=\u00bbon\u00bb da_alt_close=\u00bboff\u00bb da_dark_close=\u00bboff\u00bb da_not_modal=\u00bbon\u00bb da_is_singular=\u00bboff\u00bb da_with_loader=\u00bboff\u00bb da_has_shadow=\u00bbon\u00bb da_disable_devices=\u00bboff|off|off\u00bb][et_pb_row _builder_version=\u00bb4.27.4&#8243; _module_preset=\u00bbdefault\u00bb theme_builder_area=\u00bbpost_content\u00bb][et_pb_column _builder_version=\u00bb4.27.4&#8243; _module_preset=\u00bbdefault\u00bb type=\u00bb4_4&#8243; theme_builder_area=\u00bbpost_content\u00bb][et_pb_text _builder_version=\u00bb4.27.4&#8243; _module_preset=\u00bbdefault\u00bb theme_builder_area=\u00bbpost_content\u00bb hover_enabled=\u00bb0&#8243; sticky_enabled=\u00bb0&#8243;]<\/p>\n<p>Haciendo uso de recursos propios, la UGEL 04 comenzar\u00e1 en los pr\u00f3ximos meses la instalaci\u00f3n de estructuras met\u00e1licas y malla Raschel en los patios escolares de cinco Instituciones Educativas p\u00fablicas, con el objetivo de proteger a los estudiantes de las inclemencias del tiempo (calor y lluvia), garantizando un ambiente m\u00e1s saludable y seguro.<\/p>\n<p>La instalaci\u00f3n de estos elementos de protecci\u00f3n, permitir\u00e1 tambi\u00e9n a los alumnos, docentes y directivos, el desarrollo de sus actividades acad\u00e9micas y deportivas sin exponerse a riesgos adicionales.<\/p>\n<p>Los ingenieros y arquitectos del \u00c1rea de Supervisi\u00f3n y Gesti\u00f3n del Servicio Educativo (ASGESE) de la UGEL 04 vienen visitando los colegios focalizados con la finalidad de realizar las mediciones y determinar las ubicaciones exactas de las estructuras. Esto permitir\u00e1 que en breve, se dise\u00f1en los planos necesarios para asegurar que la instalaci\u00f3n se realice de manera eficiente.<\/p>\n<p>La obra consistir\u00e1 en la colocaci\u00f3n de columnas met\u00e1licas que garantizar\u00e1n la estabilidad y seguridad de las estructuras, las cuales sostendr\u00e1n las mallas Raschel en los patios de los colegios.<\/p>\n<p>Esta iniciativa ha sido bien recibida por la comunidad educativa de cada plantel, quienes agradecen el esfuerzo de la UGEL 04 por priorizar el bienestar de los estudiantes.<\/p>\n<p>La UGEL 04 tiene previsto continuar con este proyecto en otras instituciones educativas de la jurisdicci\u00f3n, con el fin de que todos los colegios cuenten con esta protecci\u00f3n.<\/p>\n<p><strong>Colegios beneficiados en la primera etapa:<\/strong><\/p>\n<ul>\n<li>IE 8193 Villas de Anc\u00f3n \u2013 Secundaria<\/li>\n<li>IE 8161 Manuel Scorza Torres \u2013 Secundaria \u2013 Carabayllo<\/li>\n<li>PROFRAM &#8211; Puente Piedra<\/li>\n<li>Santa Rosa de Villa \u2013 Carabayllo<\/li>\n<li>Mi Peque\u00f1o Mundo &#8211; Carabayllo<\/li>\n<\/ul>\n<p>[\/et_pb_text][\/et_pb_column][\/et_pb_row][\/et_pb_section]<\/p>\n","protected":false},"excerpt":{"rendered":"<p>Haciendo uso de recursos propios, la UGEL 04 comenzar\u00e1 en los pr\u00f3ximos meses la instalaci\u00f3n de estructuras met\u00e1licas y malla Raschel en los patios escolares de cinco Instituciones Educativas p\u00fablicas, [&hellip;]<\/p>\n","protected":false},"author":1,"featured_media":258988,"comment_status":"open","ping_status":"open","sticky":false,"template":"","format":"standard","meta":{"_et_pb_use_builder":"on","_et_pb_old_content":"","_et_gb_content_width":"1080","footnotes":""},"categories":[10],"tags":[],"class_list":["post-258987","post","type-post","status-publish","format-standard","has-post-thumbnail","hentry","category-noticias"],"_links":{"self":[{"href":"https:\/\/ugel04.gob.pe\/home\/wp-json\/wp\/v2\/posts\/258987","targetHints":{"allow":["GET"]}}],"collection":[{"href":"https:\/\/ugel04.gob.pe\/home\/wp-json\/wp\/v2\/posts"}],"about":[{"href":"https:\/\/ugel04.gob.pe\/home\/wp-json\/wp\/v2\/types\/post"}],"author":[{"embeddable":true,"href":"https:\/\/ugel04.gob.pe\/home\/wp-json\/wp\/v2\/users\/1"}],"replies":[{"embeddable":true,"href":"https:\/\/ugel04.gob.pe\/home\/wp-json\/wp\/v2\/comments?post=258987"}],"version-history":[{"count":2,"href":"https:\/\/ugel04.gob.pe\/home\/wp-json\/wp\/v2\/posts\/258987\/revisions"}],"predecessor-version":[{"id":258990,"href":"https:\/\/ugel04.gob.pe\/home\/wp-json\/wp\/v2\/posts\/258987\/revisions\/258990"}],"wp:featuredmedia":[{"embeddable":true,"href":"https:\/\/ugel04.gob.pe\/home\/wp-json\/wp\/v2\/media\/258988"}],"wp:attachment":[{"href":"https:\/\/ugel04.gob.pe\/home\/wp-json\/wp\/v2\/media?parent=258987"}],"wp:term":[{"taxonomy":"category","embeddable":true,"href":"https:\/\/ugel04.gob.pe\/home\/wp-json\/wp\/v2\/categories?post=258987"},{"taxonomy":"post_tag","embeddable":true,"href":"https:\/\/ugel04.gob.pe\/home\/wp-json\/wp\/v2\/tags?post=258987"}],"curies":[{"name":"wp","href":"https:\/\/api.w.org\/{rel}","templated":true}]}}