{"id":258957,"date":"2025-03-29T07:37:00","date_gmt":"2025-03-29T12:37:00","guid":{"rendered":"https:\/\/ugel04.gob.pe\/home\/?p=258957"},"modified":"2025-03-28T16:38:08","modified_gmt":"2025-03-28T21:38:08","slug":"docentes-cesantes-de-ugel-04-reciben-homenaje-por-su-gran-contribucion-a-la-educacion-nacional","status":"publish","type":"post","link":"https:\/\/ugel04.gob.pe\/home\/docentes-cesantes-de-ugel-04-reciben-homenaje-por-su-gran-contribucion-a-la-educacion-nacional\/","title":{"rendered":"DOCENTES CESANTES DE UGEL 04 RECIBEN HOMENAJE POR SU GRAN CONTRIBUCI\u00d3N A LA EDUCACI\u00d3N NACIONAL"},"content":{"rendered":"\n[et_pb_section fb_built=\u00bb1&#8243; theme_builder_area=\u00bbpost_content\u00bb _builder_version=\u00bb4.27.4&#8243; _module_preset=\u00bbdefault\u00bb da_is_popup=\u00bboff\u00bb da_exit_intent=\u00bboff\u00bb da_has_close=\u00bbon\u00bb da_alt_close=\u00bboff\u00bb da_dark_close=\u00bboff\u00bb da_not_modal=\u00bbon\u00bb da_is_singular=\u00bboff\u00bb da_with_loader=\u00bboff\u00bb da_has_shadow=\u00bbon\u00bb da_disable_devices=\u00bboff|off|off\u00bb][et_pb_row _builder_version=\u00bb4.27.4&#8243; _module_preset=\u00bbdefault\u00bb theme_builder_area=\u00bbpost_content\u00bb][et_pb_column _builder_version=\u00bb4.27.4&#8243; _module_preset=\u00bbdefault\u00bb type=\u00bb4_4&#8243; theme_builder_area=\u00bbpost_content\u00bb][et_pb_text _builder_version=\u00bb4.27.4&#8243; _module_preset=\u00bbdefault\u00bb theme_builder_area=\u00bbpost_content\u00bb hover_enabled=\u00bb0&#8243; sticky_enabled=\u00bb0&#8243;]<p>En un ambiente lleno de emoci\u00f3n y gratitud, m\u00e1s de 1,000 docentes cesantes de Lima Metropolitana fueron homenajeados por su destacada trayectoria educativa, en una ceremonia organizada por la Direcci\u00f3n Regional de Educaci\u00f3n de Lima Metropolitana (DRELM). El evento tuvo lugar en el auditorio de la Instituci\u00f3n Educativa Alfonso Ugarte, en el distrito de San Isidro, y sirvi\u00f3 como un tributo a los maestros que han dejado una huella imborrable en generaciones de estudiantes.<\/p>\n<p>El evento rindi\u00f3 tributo a los docentes de Educaci\u00f3n B\u00e1sica Regular (EBR), Educaci\u00f3n B\u00e1sica Alternativa (EBA) y Educaci\u00f3n B\u00e1sica Especial (EBE), quienes han dedicado su vida a la ense\u00f1anza y han jugado un papel fundamental en la formaci\u00f3n integral de los estudiantes, fortaleciendo los pilares de nuestra sociedad.<\/p>\n<p>La UGEL 04 estuvo presente, acompa\u00f1ando a los docentes en esta emotiva ceremonia, a trav\u00e9s de la directora de la UGEL 04, Nelly Cunza, los jefes de AGEBRE, Jhony Ventura, y de AGEBATP, Roberto Zevallos, quienes felicitaron a los maestros asistentes, expres\u00e1ndoles el reconocimiento a su esfuerzo y dedicaci\u00f3n.<\/p>\n<p>Tambi\u00e9n estuvieron presentes los directores de las dem\u00e1s UGEL de Lima Metropolitana, quienes se unieron a este justo homenaje.<\/p>\n<p>Este a\u00f1o se oficializ\u00f3 la condecoraci\u00f3n \u00abElvira Garc\u00eda y Garc\u00eda\u00bb, un reconocimiento que honra a los docentes cesantes de Lima Metropolitana por su incansable dedicaci\u00f3n a la educaci\u00f3n.<\/p>\n<p>Cabe recordar que, Elvira Garc\u00eda y Garc\u00eda, fue una figura pionera de la educaci\u00f3n en Per\u00fa, fund\u00f3 en 1908 la Escuela Normal de Mujeres, una instituci\u00f3n clave en la formaci\u00f3n de maestras y la modernizaci\u00f3n del sistema educativo nacional. Su legado marc\u00f3 un hito en la inclusi\u00f3n y el progreso educativo, transformando el panorama educativo del pa\u00eds.<\/p>[\/et_pb_text][\/et_pb_column][\/et_pb_row][\/et_pb_section]\n","protected":false},"excerpt":{"rendered":"<p>En un ambiente lleno de emoci\u00f3n y gratitud, m\u00e1s de 1,000 docentes cesantes de Lima Metropolitana fueron homenajeados por su destacada trayectoria educativa, en una ceremonia organizada por la Direcci\u00f3n [&hellip;]<\/p>\n","protected":false},"author":1,"featured_media":258958,"comment_status":"open","ping_status":"open","sticky":false,"template":"","format":"standard","meta":{"_et_pb_use_builder":"on","_et_pb_old_content":"","_et_gb_content_width":"1080","footnotes":""},"categories":[10],"tags":[],"class_list":["post-258957","post","type-post","status-publish","format-standard","has-post-thumbnail","hentry","category-noticias"],"_links":{"self":[{"href":"https:\/\/ugel04.gob.pe\/home\/wp-json\/wp\/v2\/posts\/258957","targetHints":{"allow":["GET"]}}],"collection":[{"href":"https:\/\/ugel04.gob.pe\/home\/wp-json\/wp\/v2\/posts"}],"about":[{"href":"https:\/\/ugel04.gob.pe\/home\/wp-json\/wp\/v2\/types\/post"}],"author":[{"embeddable":true,"href":"https:\/\/ugel04.gob.pe\/home\/wp-json\/wp\/v2\/users\/1"}],"replies":[{"embeddable":true,"href":"https:\/\/ugel04.gob.pe\/home\/wp-json\/wp\/v2\/comments?post=258957"}],"version-history":[{"count":3,"href":"https:\/\/ugel04.gob.pe\/home\/wp-json\/wp\/v2\/posts\/258957\/revisions"}],"predecessor-version":[{"id":258961,"href":"https:\/\/ugel04.gob.pe\/home\/wp-json\/wp\/v2\/posts\/258957\/revisions\/258961"}],"wp:featuredmedia":[{"embeddable":true,"href":"https:\/\/ugel04.gob.pe\/home\/wp-json\/wp\/v2\/media\/258958"}],"wp:attachment":[{"href":"https:\/\/ugel04.gob.pe\/home\/wp-json\/wp\/v2\/media?parent=258957"}],"wp:term":[{"taxonomy":"category","embeddable":true,"href":"https:\/\/ugel04.gob.pe\/home\/wp-json\/wp\/v2\/categories?post=258957"},{"taxonomy":"post_tag","embeddable":true,"href":"https:\/\/ugel04.gob.pe\/home\/wp-json\/wp\/v2\/tags?post=258957"}],"curies":[{"name":"wp","href":"https:\/\/api.w.org\/{rel}","templated":true}]}}