{"id":258916,"date":"2025-03-27T16:02:30","date_gmt":"2025-03-27T21:02:30","guid":{"rendered":"https:\/\/ugel04.gob.pe\/home\/?p=258916"},"modified":"2025-03-27T16:02:39","modified_gmt":"2025-03-27T21:02:39","slug":"ugel-04-y-uch-firman-convenio-de-cooperacion-institucional","status":"publish","type":"post","link":"https:\/\/ugel04.gob.pe\/home\/ugel-04-y-uch-firman-convenio-de-cooperacion-institucional\/","title":{"rendered":"UGEL 04 Y UCH FIRMAN CONVENIO DE COOPERACI\u00d3N INSTITUCIONAL"},"content":{"rendered":"<p>[et_pb_section fb_built=\u00bb1&#8243; theme_builder_area=\u00bbpost_content\u00bb _builder_version=\u00bb4.27.4&#8243; _module_preset=\u00bbdefault\u00bb da_is_popup=\u00bboff\u00bb da_exit_intent=\u00bboff\u00bb da_has_close=\u00bbon\u00bb da_alt_close=\u00bboff\u00bb da_dark_close=\u00bboff\u00bb da_not_modal=\u00bbon\u00bb da_is_singular=\u00bboff\u00bb da_with_loader=\u00bboff\u00bb da_has_shadow=\u00bbon\u00bb da_disable_devices=\u00bboff|off|off\u00bb][et_pb_row _builder_version=\u00bb4.27.4&#8243; _module_preset=\u00bbdefault\u00bb theme_builder_area=\u00bbpost_content\u00bb][et_pb_column _builder_version=\u00bb4.27.4&#8243; _module_preset=\u00bbdefault\u00bb type=\u00bb4_4&#8243; theme_builder_area=\u00bbpost_content\u00bb][et_pb_text _builder_version=\u00bb4.27.4&#8243; _module_preset=\u00bbdefault\u00bb theme_builder_area=\u00bbpost_content\u00bb hover_enabled=\u00bb0&#8243; sticky_enabled=\u00bb0&#8243;]<\/p>\n<p>La Unidad de Gesti\u00f3n Educativa Local N\u00b0 04 y la Universidad de Ciencias y Humanidades (UCH) firmaron un convenio marco de cooperaci\u00f3n institucional, que permitir\u00e1 estrechar los lazos de colaboraci\u00f3n entre las partes, impulsar de forma coordinada actividades que beneficien a los integrantes de ambas instituciones; as\u00ed como, programar de manera coordinada actividades de proyecci\u00f3n social en beneficio de la localidad de Lima Norte.<\/p>\n<p>La suscripci\u00f3n del acuerdo a cargo de la directora de la UGEL 04, Nelly Cunza Pr\u00edncipe y del rector de la UCH, Alfredo Pipa Carhuapoma, se desarroll\u00f3 en una sencilla pero emotiva ceremonia realizada en el auditorio de la casa superior de estudios ubicada en el distrito de Los Olivos; con presencia de funcionarios y autoridades representativas de a las dos entidades.<\/p>\n<p>Previa a la firma del documento oficial, la directora de la UGEL 04 agradeci\u00f3 la disponibilidad de la UCH para articular el trabajo conjunto en bienestar de la comunidad educativa, \u201ces trascendental su apoyo en la formaci\u00f3n de docentes en las aulas universitarias, en tanto nosotros, seguiremos brindando a los egresados la oportunidad de ejercer la profesi\u00f3n en las escuelas p\u00fablicas de nuestra jurisdicci\u00f3n\u201d, refiri\u00f3.<\/p>\n<p>Por su parte, el rector de la UCH salud\u00f3 la formalizaci\u00f3n del trabajo coordinado que vienen desarrollando con nuestra instituci\u00f3n, \u201cfiel al compromiso asumido desde hace 19 a\u00f1os, la UCH se acerca a las entidades que contribuyen a la mejora de la sociedad, por ello, estamos felices de firmar este convenio con la UGEL 04\u201d, se\u00f1al\u00f3.<\/p>\n<p><strong>Algunos compromisos<\/strong><\/p>\n<p>Algunos de los compromisos estipulados en el presente convenio son los siguientes:<\/p>\n<p>Por parte de la Universidad, desarrollar de manera coordinada una capacitaci\u00f3n anual en temas de gesti\u00f3n dirigida a los directores de LA UGEL 04; desarrollar una capacitaci\u00f3n anual relativa a la gesti\u00f3n de habilidades blandas y resoluci\u00f3n de conflictos dirigida a docentes de LA UGEL 04; ofertar maestr\u00edas y diplomados al personal de la UGEL 04 y a los docentes de la jurisdicci\u00f3n; ofertar con costos preferenciales las carreras de pregrado y posgrado al personal administrativo de LA UGEL 04 y a sus familiares directos, entre otros.<\/p>\n<p>Por parte de la UGEL 04, brindar las facilidades para que los estudiantes de la UCH desarrollen actividades en el marco de la responsabilidad social universitaria (voluntariados) y pr\u00e1cticas pre profesionales en coordinaci\u00f3n con los directores de las IIEE; brindar facilidades para que la UCH realice la promoci\u00f3n de procesos de admisi\u00f3n en las fechas que esta \u00faltima haya programado, entre otros.<\/p>\n<p>[\/et_pb_text][\/et_pb_column][\/et_pb_row][\/et_pb_section]<\/p>\n","protected":false},"excerpt":{"rendered":"<p>La Unidad de Gesti\u00f3n Educativa Local N\u00b0 04 y la Universidad de Ciencias y Humanidades (UCH) firmaron un convenio marco de cooperaci\u00f3n institucional, que permitir\u00e1 estrechar los lazos de colaboraci\u00f3n [&hellip;]<\/p>\n","protected":false},"author":1,"featured_media":258917,"comment_status":"open","ping_status":"open","sticky":false,"template":"","format":"standard","meta":{"_et_pb_use_builder":"on","_et_pb_old_content":"","_et_gb_content_width":"1080","footnotes":""},"categories":[10],"tags":[],"class_list":["post-258916","post","type-post","status-publish","format-standard","has-post-thumbnail","hentry","category-noticias"],"_links":{"self":[{"href":"https:\/\/ugel04.gob.pe\/home\/wp-json\/wp\/v2\/posts\/258916","targetHints":{"allow":["GET"]}}],"collection":[{"href":"https:\/\/ugel04.gob.pe\/home\/wp-json\/wp\/v2\/posts"}],"about":[{"href":"https:\/\/ugel04.gob.pe\/home\/wp-json\/wp\/v2\/types\/post"}],"author":[{"embeddable":true,"href":"https:\/\/ugel04.gob.pe\/home\/wp-json\/wp\/v2\/users\/1"}],"replies":[{"embeddable":true,"href":"https:\/\/ugel04.gob.pe\/home\/wp-json\/wp\/v2\/comments?post=258916"}],"version-history":[{"count":2,"href":"https:\/\/ugel04.gob.pe\/home\/wp-json\/wp\/v2\/posts\/258916\/revisions"}],"predecessor-version":[{"id":258920,"href":"https:\/\/ugel04.gob.pe\/home\/wp-json\/wp\/v2\/posts\/258916\/revisions\/258920"}],"wp:featuredmedia":[{"embeddable":true,"href":"https:\/\/ugel04.gob.pe\/home\/wp-json\/wp\/v2\/media\/258917"}],"wp:attachment":[{"href":"https:\/\/ugel04.gob.pe\/home\/wp-json\/wp\/v2\/media?parent=258916"}],"wp:term":[{"taxonomy":"category","embeddable":true,"href":"https:\/\/ugel04.gob.pe\/home\/wp-json\/wp\/v2\/categories?post=258916"},{"taxonomy":"post_tag","embeddable":true,"href":"https:\/\/ugel04.gob.pe\/home\/wp-json\/wp\/v2\/tags?post=258916"}],"curies":[{"name":"wp","href":"https:\/\/api.w.org\/{rel}","templated":true}]}}