{"id":258911,"date":"2025-03-26T16:50:52","date_gmt":"2025-03-26T21:50:52","guid":{"rendered":"https:\/\/ugel04.gob.pe\/home\/?p=258911"},"modified":"2025-03-26T16:51:00","modified_gmt":"2025-03-26T21:51:00","slug":"reunion-extraordinaria-de-directorio-de-las-rei","status":"publish","type":"post","link":"https:\/\/ugel04.gob.pe\/home\/reunion-extraordinaria-de-directorio-de-las-rei\/","title":{"rendered":"REUNI\u00d3N EXTRAORDINARIA DE DIRECTORIO DE LAS REI"},"content":{"rendered":"<p>[et_pb_section fb_built=\u00bb1&#8243; theme_builder_area=\u00bbpost_content\u00bb _builder_version=\u00bb4.27.4&#8243; _module_preset=\u00bbdefault\u00bb da_is_popup=\u00bboff\u00bb da_exit_intent=\u00bboff\u00bb da_has_close=\u00bbon\u00bb da_alt_close=\u00bboff\u00bb da_dark_close=\u00bboff\u00bb da_not_modal=\u00bbon\u00bb da_is_singular=\u00bboff\u00bb da_with_loader=\u00bboff\u00bb da_has_shadow=\u00bbon\u00bb da_disable_devices=\u00bboff|off|off\u00bb][et_pb_row _builder_version=\u00bb4.27.4&#8243; _module_preset=\u00bbdefault\u00bb theme_builder_area=\u00bbpost_content\u00bb][et_pb_column _builder_version=\u00bb4.27.4&#8243; _module_preset=\u00bbdefault\u00bb type=\u00bb4_4&#8243; theme_builder_area=\u00bbpost_content\u00bb][et_pb_text _builder_version=\u00bb4.27.4&#8243; _module_preset=\u00bbdefault\u00bb theme_builder_area=\u00bbpost_content\u00bb hover_enabled=\u00bb0&#8243; sticky_enabled=\u00bb0&#8243;]<\/p>\n<p><strong>En el marco de la Asamblea Descentralizada de Redes Educativas Integradas (REI) de la UGEL 04, se llev\u00f3 a cabo una reuni\u00f3n clave para impulsar la gesti\u00f3n de los aprendizajes en 2025, promoviendo una educaci\u00f3n de calidad y estableciendo las bases para la elecci\u00f3n de los nuevos Comit\u00e9s de Gesti\u00f3n de las REI.<\/strong><\/p>\n<p><span>El Jefe de la AGEBRE de la UGEL 04, Jhony Ventura, visit\u00f3 diversas instituciones educativas, donde los directores se encontraron con los especialistas de cada REI para resaltar la importancia de estos espacios de trabajo colaborativo. <\/span><\/p>\n<p><span>Las REI son fundamentales para mejorar la calidad educativa, ya que permiten la cooperaci\u00f3n y el apoyo mutuo entre las instituciones. Durante las reuniones, se trataron temas esenciales como la formulaci\u00f3n de proyectos de innovaci\u00f3n, la evaluaci\u00f3n diagn\u00f3stica y la elecci\u00f3n del Comit\u00e9 de Gesti\u00f3n de las REI, conforme a las directrices de la RDR N\u00b0 0153-2019, con la participaci\u00f3n activa de los directores y docentes.<\/span><\/p>\n<p><span>La Asamblea cont\u00f3 con la participaci\u00f3n de representantes de cada instituci\u00f3n educativa, entre ellos: el director, el subdirector y el coordinador de tutor\u00eda.<\/span><\/p>\n<p><span>En coordinaci\u00f3n con la Direcci\u00f3n Regional de Educaci\u00f3n de Lima Metropolitana (DRELM), se reestructuraron las REI de nuestra jurisdicci\u00f3n, pasando de 27 a 20, con una Instituci\u00f3n Educativa Cabecera por red. Esto permitir\u00e1 centralizar las asambleas y actividades, y garantizar\u00e1 que los colegios tengan acceso a recursos como bibliotecas y equipos de c\u00f3mputo sin afectar sus actividades diarias.<\/span><\/p>\n<p><span>El principal enfoque de estas reuniones fue la gesti\u00f3n de los aprendizajes, con un \u00e9nfasis en el acompa\u00f1amiento a los directivos y docentes para asegurar un aprendizaje continuo y efectivo. Adem\u00e1s, se asignar\u00e1n psic\u00f3logos a los 103 colegios secundarios para mejorar el bienestar emocional de los estudiantes.<\/span><\/p>\n<p><span>Tambi\u00e9n se abord\u00f3 el tema de la convivencia escolar, donde los psic\u00f3logos de las REI brindar\u00e1n asesor\u00eda para mejorar las relaciones entre la comunidad educativa, promoviendo valores y previniendo situaciones de violencia y acoso escolar.<\/span><\/p>\n<p>[\/et_pb_text][\/et_pb_column][\/et_pb_row][\/et_pb_section]<\/p>\n","protected":false},"excerpt":{"rendered":"<p>En el marco de la Asamblea Descentralizada de Redes Educativas Integradas (REI) de la UGEL 04, se llev\u00f3 a cabo una reuni\u00f3n clave para impulsar la gesti\u00f3n de los aprendizajes [&hellip;]<\/p>\n","protected":false},"author":1,"featured_media":258912,"comment_status":"closed","ping_status":"open","sticky":false,"template":"","format":"standard","meta":{"_et_pb_use_builder":"on","_et_pb_old_content":"","_et_gb_content_width":"1080","footnotes":""},"categories":[10],"tags":[],"class_list":["post-258911","post","type-post","status-publish","format-standard","has-post-thumbnail","hentry","category-noticias"],"_links":{"self":[{"href":"https:\/\/ugel04.gob.pe\/home\/wp-json\/wp\/v2\/posts\/258911","targetHints":{"allow":["GET"]}}],"collection":[{"href":"https:\/\/ugel04.gob.pe\/home\/wp-json\/wp\/v2\/posts"}],"about":[{"href":"https:\/\/ugel04.gob.pe\/home\/wp-json\/wp\/v2\/types\/post"}],"author":[{"embeddable":true,"href":"https:\/\/ugel04.gob.pe\/home\/wp-json\/wp\/v2\/users\/1"}],"replies":[{"embeddable":true,"href":"https:\/\/ugel04.gob.pe\/home\/wp-json\/wp\/v2\/comments?post=258911"}],"version-history":[{"count":2,"href":"https:\/\/ugel04.gob.pe\/home\/wp-json\/wp\/v2\/posts\/258911\/revisions"}],"predecessor-version":[{"id":258914,"href":"https:\/\/ugel04.gob.pe\/home\/wp-json\/wp\/v2\/posts\/258911\/revisions\/258914"}],"wp:featuredmedia":[{"embeddable":true,"href":"https:\/\/ugel04.gob.pe\/home\/wp-json\/wp\/v2\/media\/258912"}],"wp:attachment":[{"href":"https:\/\/ugel04.gob.pe\/home\/wp-json\/wp\/v2\/media?parent=258911"}],"wp:term":[{"taxonomy":"category","embeddable":true,"href":"https:\/\/ugel04.gob.pe\/home\/wp-json\/wp\/v2\/categories?post=258911"},{"taxonomy":"post_tag","embeddable":true,"href":"https:\/\/ugel04.gob.pe\/home\/wp-json\/wp\/v2\/tags?post=258911"}],"curies":[{"name":"wp","href":"https:\/\/api.w.org\/{rel}","templated":true}]}}