{"id":258900,"date":"2025-03-25T11:27:09","date_gmt":"2025-03-25T16:27:09","guid":{"rendered":"https:\/\/ugel04.gob.pe\/home\/?p=258900"},"modified":"2025-03-25T11:28:59","modified_gmt":"2025-03-25T16:28:59","slug":"directivos-y-docentes-de-eba-reciben-asistencia-tecnica-de-agebatp","status":"publish","type":"post","link":"https:\/\/ugel04.gob.pe\/home\/directivos-y-docentes-de-eba-reciben-asistencia-tecnica-de-agebatp\/","title":{"rendered":"DIRECTIVOS Y DOCENTES DE EBA RECIBEN ASISTENCIA T\u00c9CNICA DE AGEBATP"},"content":{"rendered":"<p>[et_pb_section fb_built=\u00bb1&#8243; theme_builder_area=\u00bbpost_content\u00bb _builder_version=\u00bb4.27.4&#8243; _module_preset=\u00bbdefault\u00bb da_is_popup=\u00bboff\u00bb da_exit_intent=\u00bboff\u00bb da_has_close=\u00bbon\u00bb da_alt_close=\u00bboff\u00bb da_dark_close=\u00bboff\u00bb da_not_modal=\u00bbon\u00bb da_is_singular=\u00bboff\u00bb da_with_loader=\u00bboff\u00bb da_has_shadow=\u00bbon\u00bb da_disable_devices=\u00bboff|off|off\u00bb][et_pb_row _builder_version=\u00bb4.27.4&#8243; _module_preset=\u00bbdefault\u00bb theme_builder_area=\u00bbpost_content\u00bb][et_pb_column _builder_version=\u00bb4.27.4&#8243; _module_preset=\u00bbdefault\u00bb type=\u00bb4_4&#8243; theme_builder_area=\u00bbpost_content\u00bb][et_pb_text _builder_version=\u00bb4.27.4&#8243; _module_preset=\u00bbdefault\u00bb theme_builder_area=\u00bbpost_content\u00bb hover_enabled=\u00bb0&#8243; sticky_enabled=\u00bb0&#8243;]<\/p>\n<p>Durante tres d\u00edas consecutivos, AGEBATP llev\u00f3 a cabo una importante asistencia t\u00e9cnica en la Instituci\u00f3n Educativa Fe y Alegr\u00eda, de Comas, con el objetivo de fortalecer las competencias pedag\u00f3gicas de los docentes de la modalidad de Educaci\u00f3n B\u00e1sica Alternativa (EBA). Durante este periodo, se desarrollaron tres temas importantes: Programaci\u00f3n Curricular, Evaluaci\u00f3n Formativa y Atenci\u00f3n a la Diversidad, para impulsar la mejora continua en los procesos educativos.<\/p>\n<p>El evento cont\u00f3 con la participaci\u00f3n de m\u00e1s de 200 docentes y 17 directivos, quienes profundizaron conocimientos en la mejora de su programaci\u00f3n curricular, la implementaci\u00f3n de pr\u00e1cticas docentes innovadoras y la gesti\u00f3n escolar de calidad.<\/p>\n<p>Al respecto, el \u00c1rea de Gesti\u00f3n B\u00e1sica y T\u00e9cnico Productiva (AGEBATP) se comprometi\u00f3 a realizar monitoreos durante todo el a\u00f1o para garantizar que las acciones formativas se implementen de manera efectiva y se mejoren los niveles de logro en los aprendizajes.<\/p>\n<p>Durante la asistencia t\u00e9cnica, los directivos y docentes desarrollaron herramientas pr\u00e1cticas para diversificar la programaci\u00f3n curricular, adapt\u00e1ndola a las necesidades de los estudiantes, especialmente aquellos con discapacidad. Se destac\u00f3 la importancia de contextualizar y adecuar los enfoques educativos para garantizar que todos los estudiantes, independientemente de sus condiciones, reciban una educaci\u00f3n de calidad.<\/p>\n<p>Esta actividad liderada por el equipo de AGEBATP, fue una muestra del compromiso continuo de la UGEL 04 con la formaci\u00f3n de los docentes y la mejora del sistema educativo en la modalidad EBA.<\/p>\n<p>El jefe de AGEBATP, Roberto Zevallos, acompa\u00f1ado por los especialistas de la instituci\u00f3n, resalt\u00f3 la importancia de que estos espacios de formaci\u00f3n no solo se queden en palabras, sino que se traduzcan en acciones concretas que impacten positivamente en el aprendizaje de nuestros estudiantes.<\/p>\n<p>[\/et_pb_text][\/et_pb_column][\/et_pb_row][\/et_pb_section]<\/p>\n","protected":false},"excerpt":{"rendered":"<p>Durante tres d\u00edas consecutivos, AGEBATP llev\u00f3 a cabo una importante asistencia t\u00e9cnica en la Instituci\u00f3n Educativa Fe y Alegr\u00eda, de Comas, con el objetivo de fortalecer las competencias pedag\u00f3gicas de [&hellip;]<\/p>\n","protected":false},"author":1,"featured_media":258901,"comment_status":"open","ping_status":"open","sticky":false,"template":"","format":"standard","meta":{"_et_pb_use_builder":"on","_et_pb_old_content":"","_et_gb_content_width":"1080","footnotes":""},"categories":[10],"tags":[],"class_list":["post-258900","post","type-post","status-publish","format-standard","has-post-thumbnail","hentry","category-noticias"],"_links":{"self":[{"href":"https:\/\/ugel04.gob.pe\/home\/wp-json\/wp\/v2\/posts\/258900","targetHints":{"allow":["GET"]}}],"collection":[{"href":"https:\/\/ugel04.gob.pe\/home\/wp-json\/wp\/v2\/posts"}],"about":[{"href":"https:\/\/ugel04.gob.pe\/home\/wp-json\/wp\/v2\/types\/post"}],"author":[{"embeddable":true,"href":"https:\/\/ugel04.gob.pe\/home\/wp-json\/wp\/v2\/users\/1"}],"replies":[{"embeddable":true,"href":"https:\/\/ugel04.gob.pe\/home\/wp-json\/wp\/v2\/comments?post=258900"}],"version-history":[{"count":2,"href":"https:\/\/ugel04.gob.pe\/home\/wp-json\/wp\/v2\/posts\/258900\/revisions"}],"predecessor-version":[{"id":258903,"href":"https:\/\/ugel04.gob.pe\/home\/wp-json\/wp\/v2\/posts\/258900\/revisions\/258903"}],"wp:featuredmedia":[{"embeddable":true,"href":"https:\/\/ugel04.gob.pe\/home\/wp-json\/wp\/v2\/media\/258901"}],"wp:attachment":[{"href":"https:\/\/ugel04.gob.pe\/home\/wp-json\/wp\/v2\/media?parent=258900"}],"wp:term":[{"taxonomy":"category","embeddable":true,"href":"https:\/\/ugel04.gob.pe\/home\/wp-json\/wp\/v2\/categories?post=258900"},{"taxonomy":"post_tag","embeddable":true,"href":"https:\/\/ugel04.gob.pe\/home\/wp-json\/wp\/v2\/tags?post=258900"}],"curies":[{"name":"wp","href":"https:\/\/api.w.org\/{rel}","templated":true}]}}