{"id":258878,"date":"2025-03-21T16:05:11","date_gmt":"2025-03-21T21:05:11","guid":{"rendered":"https:\/\/ugel04.gob.pe\/home\/?p=258878"},"modified":"2025-03-21T16:05:19","modified_gmt":"2025-03-21T21:05:19","slug":"directores-de-ie-reciben-capacitacion-sobre-funciones-del-sae","status":"publish","type":"post","link":"https:\/\/ugel04.gob.pe\/home\/directores-de-ie-reciben-capacitacion-sobre-funciones-del-sae\/","title":{"rendered":"DIRECTORES DE IE RECIBEN CAPACITACI\u00d3N SOBRE FUNCIONES DEL SAE"},"content":{"rendered":"<p>[et_pb_section fb_built=\u00bb1&#8243; theme_builder_area=\u00bbpost_content\u00bb _builder_version=\u00bb4.27.4&#8243; _module_preset=\u00bbdefault\u00bb da_is_popup=\u00bboff\u00bb da_exit_intent=\u00bboff\u00bb da_has_close=\u00bbon\u00bb da_alt_close=\u00bboff\u00bb da_dark_close=\u00bboff\u00bb da_not_modal=\u00bbon\u00bb da_is_singular=\u00bboff\u00bb da_with_loader=\u00bboff\u00bb da_has_shadow=\u00bbon\u00bb da_disable_devices=\u00bboff|off|off\u00bb][et_pb_row _builder_version=\u00bb4.27.4&#8243; _module_preset=\u00bbdefault\u00bb theme_builder_area=\u00bbpost_content\u00bb][et_pb_column _builder_version=\u00bb4.27.4&#8243; _module_preset=\u00bbdefault\u00bb type=\u00bb4_4&#8243; theme_builder_area=\u00bbpost_content\u00bb][et_pb_text _builder_version=\u00bb4.27.4&#8243; _module_preset=\u00bbdefault\u00bb theme_builder_area=\u00bbpost_content\u00bb hover_enabled=\u00bb0&#8243; sticky_enabled=\u00bb0&#8243;]<\/p>\n<p>Con el objetivo de fortalecer la educaci\u00f3n inclusiva y garantizar la calidad educativa, la UGEL 04 realiz\u00f3 una jornada de asistencia t\u00e9cnica dirigida a los directores de 22 Instituciones Educativas focalizadas en nuestra jurisdicci\u00f3n por el Minedu; esta reuni\u00f3n se desarroll\u00f3 en las instalaciones del Centro de Recursos para el Aprendizaje en la Educaci\u00f3n Inicial (CRAEI), donde se dictaron las orientaciones vinculadas a la implementaci\u00f3n del Servicio de Apoyo Educativo (SAE) en las escuelas.<\/p>\n<p>En esta actividad, se cont\u00f3 con la presencia del Jefe de AGEBRE, quien destac\u00f3 la importancia de fortalecer la inclusi\u00f3n educativa y de garantizar que todos los estudiantes reciban una educaci\u00f3n de calidad.<\/p>\n<p>Durante la capacitaci\u00f3n, especialistas del equipo SAE externo e interno de la UGEL 04 realizaron din\u00e1micas individuales y exposiciones detalladas sobre las funciones del SAE, las cuales incluyen: capacitaciones a docentes, asesor\u00edas personalizadas, acompa\u00f1amientos en el aula, reuniones de inter aprendizaje con docentes, as\u00ed como charlas y talleres con padres de familia.<\/p>\n<p>Este encuentro refuerza el compromiso de la UGEL 04 para promover una educaci\u00f3n inclusiva en la que todos los estudiantes tengan igualdad de oportunidades, brindando a los directores y docentes herramientas para avanzar en la implementaci\u00f3n de pr\u00e1cticas inclusivas dentro de sus aulas.<\/p>\n<p>[\/et_pb_text][\/et_pb_column][\/et_pb_row][\/et_pb_section]<\/p>\n","protected":false},"excerpt":{"rendered":"<p>Con el objetivo de fortalecer la educaci\u00f3n inclusiva y garantizar la calidad educativa, la UGEL 04 realiz\u00f3 una jornada de asistencia t\u00e9cnica dirigida a los directores de 22 Instituciones Educativas [&hellip;]<\/p>\n","protected":false},"author":1,"featured_media":258879,"comment_status":"open","ping_status":"open","sticky":false,"template":"","format":"standard","meta":{"_et_pb_use_builder":"on","_et_pb_old_content":"","_et_gb_content_width":"1080","footnotes":""},"categories":[10],"tags":[],"class_list":["post-258878","post","type-post","status-publish","format-standard","has-post-thumbnail","hentry","category-noticias"],"_links":{"self":[{"href":"https:\/\/ugel04.gob.pe\/home\/wp-json\/wp\/v2\/posts\/258878","targetHints":{"allow":["GET"]}}],"collection":[{"href":"https:\/\/ugel04.gob.pe\/home\/wp-json\/wp\/v2\/posts"}],"about":[{"href":"https:\/\/ugel04.gob.pe\/home\/wp-json\/wp\/v2\/types\/post"}],"author":[{"embeddable":true,"href":"https:\/\/ugel04.gob.pe\/home\/wp-json\/wp\/v2\/users\/1"}],"replies":[{"embeddable":true,"href":"https:\/\/ugel04.gob.pe\/home\/wp-json\/wp\/v2\/comments?post=258878"}],"version-history":[{"count":2,"href":"https:\/\/ugel04.gob.pe\/home\/wp-json\/wp\/v2\/posts\/258878\/revisions"}],"predecessor-version":[{"id":258881,"href":"https:\/\/ugel04.gob.pe\/home\/wp-json\/wp\/v2\/posts\/258878\/revisions\/258881"}],"wp:featuredmedia":[{"embeddable":true,"href":"https:\/\/ugel04.gob.pe\/home\/wp-json\/wp\/v2\/media\/258879"}],"wp:attachment":[{"href":"https:\/\/ugel04.gob.pe\/home\/wp-json\/wp\/v2\/media?parent=258878"}],"wp:term":[{"taxonomy":"category","embeddable":true,"href":"https:\/\/ugel04.gob.pe\/home\/wp-json\/wp\/v2\/categories?post=258878"},{"taxonomy":"post_tag","embeddable":true,"href":"https:\/\/ugel04.gob.pe\/home\/wp-json\/wp\/v2\/tags?post=258878"}],"curies":[{"name":"wp","href":"https:\/\/api.w.org\/{rel}","templated":true}]}}