{"id":258861,"date":"2025-03-20T10:25:19","date_gmt":"2025-03-20T15:25:19","guid":{"rendered":"https:\/\/ugel04.gob.pe\/home\/?p=258861"},"modified":"2025-03-20T10:26:35","modified_gmt":"2025-03-20T15:26:35","slug":"madres-adolescentes-del-programa-mamitas-inician-con-alegria-ano-lectivo","status":"publish","type":"post","link":"https:\/\/ugel04.gob.pe\/home\/madres-adolescentes-del-programa-mamitas-inician-con-alegria-ano-lectivo\/","title":{"rendered":"MADRES ADOLESCENTES DEL PROGRAMA MAMITAS INICIAN CON ALEGR\u00cdA A\u00d1O LECTIVO"},"content":{"rendered":"\n[et_pb_section fb_built=\u00bb1&#8243; theme_builder_area=\u00bbpost_content\u00bb _builder_version=\u00bb4.27.4&#8243; _module_preset=\u00bbdefault\u00bb da_is_popup=\u00bboff\u00bb da_exit_intent=\u00bboff\u00bb da_has_close=\u00bbon\u00bb da_alt_close=\u00bboff\u00bb da_dark_close=\u00bboff\u00bb da_not_modal=\u00bbon\u00bb da_is_singular=\u00bboff\u00bb da_with_loader=\u00bboff\u00bb da_has_shadow=\u00bbon\u00bb da_disable_devices=\u00bboff|off|off\u00bb][et_pb_row _builder_version=\u00bb4.27.4&#8243; _module_preset=\u00bbdefault\u00bb theme_builder_area=\u00bbpost_content\u00bb][et_pb_column _builder_version=\u00bb4.27.4&#8243; _module_preset=\u00bbdefault\u00bb type=\u00bb4_4&#8243; theme_builder_area=\u00bbpost_content\u00bb][et_pb_text _builder_version=\u00bb4.27.4&#8243; _module_preset=\u00bbdefault\u00bb theme_builder_area=\u00bbpost_content\u00bb hover_enabled=\u00bb0&#8243; sticky_enabled=\u00bb0&#8243;]<p>Madres adolescentes beneficiarias del Proyecto Mamitas acompa\u00f1adas de sus hijos y familiares, vivieron con mucha emoci\u00f3n la apertura del a\u00f1o escolar 2025 en la Instituci\u00f3n Educativa Johannes Gutenberg, en Comas; en un evento que cont\u00f3 con la presencia de la directora de la UGEL 04 y el jefe de AGEBATP, quienes resaltaron la trascendencia de este sistema educativo alternativo en nuestra jurisdicci\u00f3n.<\/p>\n<p>En este contexto la directora Nelly Cunza, felicit\u00f3 a las beneficiarias por su compromiso con la educaci\u00f3n, invoc\u00e1ndoles a aprovechar las oportunidades que el Ministerio de Educaci\u00f3n ofrece, a fin de alcanzar sus sue\u00f1os y metas.<\/p>\n<p>Posteriormente, las madres beneficiarias tuvieron la oportunidad de recorrer las instalaciones de la instituci\u00f3n, conociendo los espacios donde realizar\u00e1n sus estudios, as\u00ed como las \u00e1reas destinadas al cuidado y desarrollo de sus hijos. Las j\u00f3venes, llenas de alegr\u00eda, se comprometieron a culminar su educaci\u00f3n y continuar con una carrera t\u00e9cnica o superior.<\/p>\n<p>Cabe destacar que, los menores ser\u00e1n atendidos por docentes especializados en ambientes adecuados para su seguridad y aprendizaje, lo que permitir\u00e1 a las madres concentrarse en sus estudios sin preocupaciones.<\/p>\n<p>Por otro lado, los familiares expresaron su agradecimiento al Proyecto Mamitas, conscientes de que sus hijas cuentan con el apoyo necesario para continuar su educaci\u00f3n.<\/p>\n<p>Las beneficiarias del Proyecto Mamitas tras haber interrumpido su formaci\u00f3n por diversas razones, ahora cuentan con un espacio donde pueden equilibrar su rol de madres con sus deseos de superaci\u00f3n. Con el apoyo de profesionales que cuidan a sus hijos en un ambiente seguro y adecuado, estas madres comienzan un camino lleno de esperanza y nuevas oportunidades.<\/p>\n<p><strong>\u00bfQu\u00e9 es el proyecto Mamitas?<\/strong><\/p>\n<p>El proyecto fortalece el desarrollo integral de las adolescentes madres y sus hijas e hijos menores de 3 a\u00f1os en situaci\u00f3n de vulnerabilidad social de los distritos de Comas (CEBA Estados Unidos) y Carabayllo (IE Johannes Gutenberg). Brinda servicios que generan oportunidades de acceso, reinserci\u00f3n y continuidad educativa. La meta mensual de atenci\u00f3n es de al menos 200 adolescentes madres junto con sus hijos a trav\u00e9s de los siguientes servicios:<\/p>\n<ul>\n<li>Acompa\u00f1amiento en Reinserci\u00f3n y Continuidad Educativa,<\/li>\n<li>Acompa\u00f1amiento Infantil Temprano y<\/li>\n<li>Acompa\u00f1amiento Socio- Pastoral.<\/li>\n<\/ul>[\/et_pb_text][\/et_pb_column][\/et_pb_row][\/et_pb_section]\n","protected":false},"excerpt":{"rendered":"<p>Madres adolescentes beneficiarias del Proyecto Mamitas acompa\u00f1adas de sus hijos y familiares, vivieron con mucha emoci\u00f3n la apertura del a\u00f1o escolar 2025 en la Instituci\u00f3n Educativa Johannes Gutenberg, en Comas; [&hellip;]<\/p>\n","protected":false},"author":1,"featured_media":258862,"comment_status":"open","ping_status":"open","sticky":false,"template":"","format":"standard","meta":{"_et_pb_use_builder":"on","_et_pb_old_content":"","_et_gb_content_width":"1080","footnotes":""},"categories":[10],"tags":[],"class_list":["post-258861","post","type-post","status-publish","format-standard","has-post-thumbnail","hentry","category-noticias"],"_links":{"self":[{"href":"https:\/\/ugel04.gob.pe\/home\/wp-json\/wp\/v2\/posts\/258861","targetHints":{"allow":["GET"]}}],"collection":[{"href":"https:\/\/ugel04.gob.pe\/home\/wp-json\/wp\/v2\/posts"}],"about":[{"href":"https:\/\/ugel04.gob.pe\/home\/wp-json\/wp\/v2\/types\/post"}],"author":[{"embeddable":true,"href":"https:\/\/ugel04.gob.pe\/home\/wp-json\/wp\/v2\/users\/1"}],"replies":[{"embeddable":true,"href":"https:\/\/ugel04.gob.pe\/home\/wp-json\/wp\/v2\/comments?post=258861"}],"version-history":[{"count":3,"href":"https:\/\/ugel04.gob.pe\/home\/wp-json\/wp\/v2\/posts\/258861\/revisions"}],"predecessor-version":[{"id":258865,"href":"https:\/\/ugel04.gob.pe\/home\/wp-json\/wp\/v2\/posts\/258861\/revisions\/258865"}],"wp:featuredmedia":[{"embeddable":true,"href":"https:\/\/ugel04.gob.pe\/home\/wp-json\/wp\/v2\/media\/258862"}],"wp:attachment":[{"href":"https:\/\/ugel04.gob.pe\/home\/wp-json\/wp\/v2\/media?parent=258861"}],"wp:term":[{"taxonomy":"category","embeddable":true,"href":"https:\/\/ugel04.gob.pe\/home\/wp-json\/wp\/v2\/categories?post=258861"},{"taxonomy":"post_tag","embeddable":true,"href":"https:\/\/ugel04.gob.pe\/home\/wp-json\/wp\/v2\/tags?post=258861"}],"curies":[{"name":"wp","href":"https:\/\/api.w.org\/{rel}","templated":true}]}}