{"id":258817,"date":"2025-03-17T12:57:06","date_gmt":"2025-03-17T17:57:06","guid":{"rendered":"https:\/\/ugel04.gob.pe\/home\/?p=258817"},"modified":"2025-03-17T15:22:27","modified_gmt":"2025-03-17T20:22:27","slug":"se-inicia-ano-escolar-2025-en-la-ugel-04","status":"publish","type":"post","link":"https:\/\/ugel04.gob.pe\/home\/se-inicia-ano-escolar-2025-en-la-ugel-04\/","title":{"rendered":"SE INICIA A\u00d1O ESCOLAR 2025 EN LA UGEL 04"},"content":{"rendered":"\n[et_pb_section fb_built=\u00bb1&#8243; theme_builder_area=\u00bbpost_content\u00bb _builder_version=\u00bb4.27.4&#8243; _module_preset=\u00bbdefault\u00bb da_is_popup=\u00bboff\u00bb da_exit_intent=\u00bboff\u00bb da_has_close=\u00bbon\u00bb da_alt_close=\u00bboff\u00bb da_dark_close=\u00bboff\u00bb da_not_modal=\u00bbon\u00bb da_is_singular=\u00bboff\u00bb da_with_loader=\u00bboff\u00bb da_has_shadow=\u00bbon\u00bb da_disable_devices=\u00bboff|off|off\u00bb][et_pb_row _builder_version=\u00bb4.27.4&#8243; _module_preset=\u00bbdefault\u00bb theme_builder_area=\u00bbpost_content\u00bb][et_pb_column _builder_version=\u00bb4.27.4&#8243; _module_preset=\u00bbdefault\u00bb type=\u00bb4_4&#8243; theme_builder_area=\u00bbpost_content\u00bb][et_pb_text _builder_version=\u00bb4.27.4&#8243; _module_preset=\u00bbdefault\u00bb theme_builder_area=\u00bbpost_content\u00bb hover_enabled=\u00bb0&#8243; sticky_enabled=\u00bb0&#8243; custom_padding=\u00bb0px|||||\u00bb]<div class=\"x11i5rnm xat24cr x1mh8g0r x1vvkbs xtlvy1s x126k92a\">\n<div dir=\"auto\">\n<p><strong>El presente a\u00f1o lectivo ha comenzado con el compromiso de garantizar una educaci\u00f3n de calidad para nuestros estudiantes; por ese motivo, la directora, funcionarios, especialistas y servidores de la UGEL 04 realizaron visitas a diversas instituciones educativas de los cinco distritos de nuestra jurisdicci\u00f3n, con el objetivo de verificar que cada escuela cuente con las condiciones necesarias para un inicio exitoso de clases.<\/strong><\/p>\n<p>Durante esta visita, se brind\u00f3 apoyo y orientaci\u00f3n a los maestros para fortalecer las estrategias pedag\u00f3gicas y garantizar un ambiente de aprendizaje positivo.<\/p>\n<p>Cabe destacar que, la UGEL 04 seguir\u00e1 impulsando el trabajo conjunto entre todos los actores educativos para ofrecer a nuestros estudiantes las mejores oportunidades de aprendizaje. Con esfuerzo y compromiso, estamos seguros de que alcanzaremos grandes logros.<\/p>\n<\/div>\n<\/div>[\/et_pb_text][\/et_pb_column][\/et_pb_row][\/et_pb_section]\n","protected":false},"excerpt":{"rendered":"<p>El presente a\u00f1o lectivo ha comenzado con el compromiso de garantizar una educaci\u00f3n de calidad para nuestros estudiantes; por ese motivo, la directora, funcionarios, especialistas y servidores de la UGEL [&hellip;]<\/p>\n","protected":false},"author":1,"featured_media":258827,"comment_status":"closed","ping_status":"open","sticky":false,"template":"","format":"standard","meta":{"_et_pb_use_builder":"on","_et_pb_old_content":"","_et_gb_content_width":"1080","footnotes":""},"categories":[10],"tags":[],"class_list":["post-258817","post","type-post","status-publish","format-standard","has-post-thumbnail","hentry","category-noticias"],"_links":{"self":[{"href":"https:\/\/ugel04.gob.pe\/home\/wp-json\/wp\/v2\/posts\/258817","targetHints":{"allow":["GET"]}}],"collection":[{"href":"https:\/\/ugel04.gob.pe\/home\/wp-json\/wp\/v2\/posts"}],"about":[{"href":"https:\/\/ugel04.gob.pe\/home\/wp-json\/wp\/v2\/types\/post"}],"author":[{"embeddable":true,"href":"https:\/\/ugel04.gob.pe\/home\/wp-json\/wp\/v2\/users\/1"}],"replies":[{"embeddable":true,"href":"https:\/\/ugel04.gob.pe\/home\/wp-json\/wp\/v2\/comments?post=258817"}],"version-history":[{"count":5,"href":"https:\/\/ugel04.gob.pe\/home\/wp-json\/wp\/v2\/posts\/258817\/revisions"}],"predecessor-version":[{"id":258828,"href":"https:\/\/ugel04.gob.pe\/home\/wp-json\/wp\/v2\/posts\/258817\/revisions\/258828"}],"wp:featuredmedia":[{"embeddable":true,"href":"https:\/\/ugel04.gob.pe\/home\/wp-json\/wp\/v2\/media\/258827"}],"wp:attachment":[{"href":"https:\/\/ugel04.gob.pe\/home\/wp-json\/wp\/v2\/media?parent=258817"}],"wp:term":[{"taxonomy":"category","embeddable":true,"href":"https:\/\/ugel04.gob.pe\/home\/wp-json\/wp\/v2\/categories?post=258817"},{"taxonomy":"post_tag","embeddable":true,"href":"https:\/\/ugel04.gob.pe\/home\/wp-json\/wp\/v2\/tags?post=258817"}],"curies":[{"name":"wp","href":"https:\/\/api.w.org\/{rel}","templated":true}]}}