{"id":258773,"date":"2025-03-07T18:21:08","date_gmt":"2025-03-07T23:21:08","guid":{"rendered":"https:\/\/ugel04.gob.pe\/home\/?p=258773"},"modified":"2025-03-07T18:21:09","modified_gmt":"2025-03-07T23:21:09","slug":"la-ugel-04-realiza-el-primer-taller-de-asistencia-tecnica-descentralizada-a-docentes-de-instituciones-publicas-de-nuestra-jurisdiccion","status":"publish","type":"post","link":"https:\/\/ugel04.gob.pe\/home\/la-ugel-04-realiza-el-primer-taller-de-asistencia-tecnica-descentralizada-a-docentes-de-instituciones-publicas-de-nuestra-jurisdiccion\/","title":{"rendered":"LA UGEL 04 REALIZA EL PRIMER TALLER DE ASISTENCIA T\u00c9CNICA DESCENTRALIZADA A DOCENTES DE INSTITUCIONES P\u00daBLICAS DE NUESTRA JURISDICCI\u00d3N"},"content":{"rendered":"<p>[et_pb_section fb_built=\u00bb1&#8243; theme_builder_area=\u00bbpost_content\u00bb _builder_version=\u00bb4.27.4&#8243; _module_preset=\u00bbdefault\u00bb da_is_popup=\u00bboff\u00bb da_exit_intent=\u00bboff\u00bb da_has_close=\u00bbon\u00bb da_alt_close=\u00bboff\u00bb da_dark_close=\u00bboff\u00bb da_not_modal=\u00bbon\u00bb da_is_singular=\u00bboff\u00bb da_with_loader=\u00bboff\u00bb da_has_shadow=\u00bbon\u00bb da_disable_devices=\u00bboff|off|off\u00bb][et_pb_row _builder_version=\u00bb4.27.4&#8243; _module_preset=\u00bbdefault\u00bb theme_builder_area=\u00bbpost_content\u00bb][et_pb_column _builder_version=\u00bb4.27.4&#8243; _module_preset=\u00bbdefault\u00bb type=\u00bb4_4&#8243; theme_builder_area=\u00bbpost_content\u00bb][et_pb_text _builder_version=\u00bb4.27.4&#8243; _module_preset=\u00bbdefault\u00bb theme_builder_area=\u00bbpost_content\u00bb hover_enabled=\u00bb0&#8243; sticky_enabled=\u00bb0&#8243;]<\/p>\n<p><strong>En el marco del Buen Inicio del A\u00f1o Escolar 2025, la UGEL 04 llev\u00f3 a cabo la primera Asistencia T\u00e9cnica Descentralizada, organizada por el equipo de la \u00c1rea de Gesti\u00f3n de la Educaci\u00f3n B\u00e1sica Regular y Especial (AGEBRE) y dirigida a los docentes de instituciones p\u00fablicas, de acuerdo a la Red Educativa Institucional (REI), modalidad y nivel educativo. Esta jornada tuvo como prop\u00f3sito fortalecer las competencias de gesti\u00f3n pedag\u00f3gica de los docentes para garantizar un mejor proceso de ense\u00f1anza-aprendizaje.<\/strong><\/p>\n<p><span>Durante el taller, los especialistas de los niveles de inicial, primaria, secundaria y Educaci\u00f3n B\u00e1sica Especial (EBE) abordaron aspectos clave como la planificaci\u00f3n curricular y el plan de formaci\u00f3n docente, brindando estrategias efectivas para la mejora de la pr\u00e1ctica pedag\u00f3gica. Asimismo, se promovi\u00f3 el intercambio de experiencias y la reflexi\u00f3n sobre los desaf\u00edos educativos en el contexto actual.<\/span><\/p>\n<p><span>La actividad, dirigida a las REI 09, 10 y 11, se realiz\u00f3 en la IE. 3069 General\u00edsimo Jos\u00e9 de San Mart\u00edn, en el distrito de Anc\u00f3n. El evento cont\u00f3 con la presencia de la directora de la UGEL 04, Nelly Cunza Pr\u00edncipe, y el jefe de AGEBRE, quienes ofrecieron palabras de bienvenida y motivaci\u00f3n a los asistentes, destacando la importancia de la actualizaci\u00f3n docente para la mejora de los aprendizajes.<\/span><\/p>\n<p><span>Este encuentro permiti\u00f3 fortalecer el trabajo en red entre las instituciones educativas, promoviendo el acompa\u00f1amiento y la asistencia t\u00e9cnica como herramientas clave para el desarrollo de una educaci\u00f3n de calidad. Adem\u00e1s, reafirm\u00f3 el compromiso de la UGEL 04 en brindar espacios de formaci\u00f3n continua que contribuyan al crecimiento profesional de los docentes y al logro de mejores resultados en los estudiantes.<\/span><\/p>\n<p>[\/et_pb_text][\/et_pb_column][\/et_pb_row][\/et_pb_section]<\/p>\n","protected":false},"excerpt":{"rendered":"<p>En el marco del Buen Inicio del A\u00f1o Escolar 2025, la UGEL 04 llev\u00f3 a cabo la primera Asistencia T\u00e9cnica Descentralizada, organizada por el equipo de la \u00c1rea de Gesti\u00f3n [&hellip;]<\/p>\n","protected":false},"author":1,"featured_media":258774,"comment_status":"closed","ping_status":"open","sticky":false,"template":"","format":"standard","meta":{"_et_pb_use_builder":"on","_et_pb_old_content":"","_et_gb_content_width":"1080","footnotes":""},"categories":[10],"tags":[],"class_list":["post-258773","post","type-post","status-publish","format-standard","has-post-thumbnail","hentry","category-noticias"],"_links":{"self":[{"href":"https:\/\/ugel04.gob.pe\/home\/wp-json\/wp\/v2\/posts\/258773","targetHints":{"allow":["GET"]}}],"collection":[{"href":"https:\/\/ugel04.gob.pe\/home\/wp-json\/wp\/v2\/posts"}],"about":[{"href":"https:\/\/ugel04.gob.pe\/home\/wp-json\/wp\/v2\/types\/post"}],"author":[{"embeddable":true,"href":"https:\/\/ugel04.gob.pe\/home\/wp-json\/wp\/v2\/users\/1"}],"replies":[{"embeddable":true,"href":"https:\/\/ugel04.gob.pe\/home\/wp-json\/wp\/v2\/comments?post=258773"}],"version-history":[{"count":2,"href":"https:\/\/ugel04.gob.pe\/home\/wp-json\/wp\/v2\/posts\/258773\/revisions"}],"predecessor-version":[{"id":258776,"href":"https:\/\/ugel04.gob.pe\/home\/wp-json\/wp\/v2\/posts\/258773\/revisions\/258776"}],"wp:featuredmedia":[{"embeddable":true,"href":"https:\/\/ugel04.gob.pe\/home\/wp-json\/wp\/v2\/media\/258774"}],"wp:attachment":[{"href":"https:\/\/ugel04.gob.pe\/home\/wp-json\/wp\/v2\/media?parent=258773"}],"wp:term":[{"taxonomy":"category","embeddable":true,"href":"https:\/\/ugel04.gob.pe\/home\/wp-json\/wp\/v2\/categories?post=258773"},{"taxonomy":"post_tag","embeddable":true,"href":"https:\/\/ugel04.gob.pe\/home\/wp-json\/wp\/v2\/tags?post=258773"}],"curies":[{"name":"wp","href":"https:\/\/api.w.org\/{rel}","templated":true}]}}