{"id":258745,"date":"2025-03-04T12:58:14","date_gmt":"2025-03-04T17:58:14","guid":{"rendered":"https:\/\/ugel04.gob.pe\/home\/?p=258745"},"modified":"2025-03-04T12:58:23","modified_gmt":"2025-03-04T17:58:23","slug":"docentes-y-directivos-de-cetpro-retoman-actividades-para-un-inicio-de-clases-exitoso","status":"publish","type":"post","link":"https:\/\/ugel04.gob.pe\/home\/docentes-y-directivos-de-cetpro-retoman-actividades-para-un-inicio-de-clases-exitoso\/","title":{"rendered":"DOCENTES Y DIRECTIVOS DE CETPRO RETOMAN ACTIVIDADES PARA UN INICIO DE CLASES EXITOSO"},"content":{"rendered":"<p>[et_pb_section fb_built=\u00bb1&#8243; theme_builder_area=\u00bbpost_content\u00bb _builder_version=\u00bb4.27.4&#8243; _module_preset=\u00bbdefault\u00bb da_is_popup=\u00bboff\u00bb da_exit_intent=\u00bboff\u00bb da_has_close=\u00bbon\u00bb da_alt_close=\u00bboff\u00bb da_dark_close=\u00bboff\u00bb da_not_modal=\u00bbon\u00bb da_is_singular=\u00bboff\u00bb da_with_loader=\u00bboff\u00bb da_has_shadow=\u00bbon\u00bb da_disable_devices=\u00bboff|off|off\u00bb][et_pb_row _builder_version=\u00bb4.27.4&#8243; _module_preset=\u00bbdefault\u00bb theme_builder_area=\u00bbpost_content\u00bb][et_pb_column _builder_version=\u00bb4.27.4&#8243; _module_preset=\u00bbdefault\u00bb type=\u00bb4_4&#8243; theme_builder_area=\u00bbpost_content\u00bb][et_pb_text _builder_version=\u00bb4.27.4&#8243; _module_preset=\u00bbdefault\u00bb theme_builder_area=\u00bbpost_content\u00bb hover_enabled=\u00bb0&#8243; sticky_enabled=\u00bb0&#8243;]<\/p>\n<p>En el marco de las acciones de apertura del a\u00f1o acad\u00e9mico, los Centros de Educaci\u00f3n T\u00e9cnico-Productiva (CETPRO) de la UGEL 04 dieron inicio a sus actividades pedag\u00f3gicas con la reincorporaci\u00f3n de su personal docente y directivo, adoptando como primera medida la planificaci\u00f3n el a\u00f1o escolar 2025.<\/p>\n<p>En este contexto, el jefe del \u00c1rea de Gesti\u00f3n de la Educaci\u00f3n B\u00e1sica Alternativa y T\u00e9cnico-Productiva (AGEBATP), Roberto Zevallos, visit\u00f3 cada uno de los CETPRO de la jurisdicci\u00f3n con el prop\u00f3sito de supervisar la implementaci\u00f3n de las actividades correspondientes al primer bloque de la Semana de Gesti\u00f3n Institucional.<\/p>\n<p>Durante su recorrido, brind\u00f3 una c\u00e1lida bienvenida a los docentes y reafirm\u00f3 el compromiso de continuar trabajando en conjunto para el fortalecimiento de la educaci\u00f3n t\u00e9cnico-productiva; asimismo, felicit\u00f3 a los maestros recientemente nombrados en esta modalidad y destac\u00f3 la importancia de su labor en la formaci\u00f3n de nuevos profesionales.<\/p>\n<p>El jefe de AGEBATP tambi\u00e9n inform\u00f3 sobre los talleres y capacitaciones programadas para el presente a\u00f1o, dise\u00f1ados para fortalecer las competencias pedag\u00f3gicas y t\u00e9cnicas del personal docente. Adem\u00e1s, pudo constatar la activa participaci\u00f3n de los docentes junto a sus directores en la planificaci\u00f3n de las actividades que se desarrollar\u00e1n a lo largo del a\u00f1o.<\/p>\n<p>Cabe destacar que, como resultado de este proceso, el pr\u00f3ximo 17 de marzo se dar\u00e1 inicio oficial a las clases en los 11 CETPRO p\u00fablicos de la UGEL 04.<\/p>\n<p>Por otro lado, Roberto Zevallos destac\u00f3 que el Ministerio de Educaci\u00f3n (MINEDU) ha lanzado un proyecto de evaluaci\u00f3n de experiencias de desempe\u00f1o t\u00e9cnico en los 34 CETPRO de Lima Metropolitana.<\/p>\n<p>Como parte de este programa, cuatro instituciones de la UGEL 04 han sido focalizadas para participar en la asignaci\u00f3n de presupuesto destinado a la mejora e implementaci\u00f3n de sus talleres.<\/p>\n<p>Los CETPRO seleccionados son: Nuestra Se\u00f1ora de Lourdes (Comas), CETPRO Carabayllo, CETPRO Progreso II Segundo Sector y CETPRO Juana Iris.<\/p>\n<p>Finalmente, durante el monitoreo realizado, se recogieron las expectativas y necesidades de cada CETPRO con el objetivo de seguir optimizando la educaci\u00f3n t\u00e9cnico-productiva en la jurisdicci\u00f3n.<\/p>\n<p>&nbsp;<\/p>\n<p>[\/et_pb_text][\/et_pb_column][\/et_pb_row][\/et_pb_section]<\/p>\n","protected":false},"excerpt":{"rendered":"<p>En el marco de las acciones de apertura del a\u00f1o acad\u00e9mico, los Centros de Educaci\u00f3n T\u00e9cnico-Productiva (CETPRO) de la UGEL 04 dieron inicio a sus actividades pedag\u00f3gicas con la reincorporaci\u00f3n [&hellip;]<\/p>\n","protected":false},"author":1,"featured_media":258746,"comment_status":"open","ping_status":"open","sticky":false,"template":"","format":"standard","meta":{"_et_pb_use_builder":"on","_et_pb_old_content":"","_et_gb_content_width":"1080","footnotes":""},"categories":[10],"tags":[],"class_list":["post-258745","post","type-post","status-publish","format-standard","has-post-thumbnail","hentry","category-noticias"],"_links":{"self":[{"href":"https:\/\/ugel04.gob.pe\/home\/wp-json\/wp\/v2\/posts\/258745","targetHints":{"allow":["GET"]}}],"collection":[{"href":"https:\/\/ugel04.gob.pe\/home\/wp-json\/wp\/v2\/posts"}],"about":[{"href":"https:\/\/ugel04.gob.pe\/home\/wp-json\/wp\/v2\/types\/post"}],"author":[{"embeddable":true,"href":"https:\/\/ugel04.gob.pe\/home\/wp-json\/wp\/v2\/users\/1"}],"replies":[{"embeddable":true,"href":"https:\/\/ugel04.gob.pe\/home\/wp-json\/wp\/v2\/comments?post=258745"}],"version-history":[{"count":2,"href":"https:\/\/ugel04.gob.pe\/home\/wp-json\/wp\/v2\/posts\/258745\/revisions"}],"predecessor-version":[{"id":258748,"href":"https:\/\/ugel04.gob.pe\/home\/wp-json\/wp\/v2\/posts\/258745\/revisions\/258748"}],"wp:featuredmedia":[{"embeddable":true,"href":"https:\/\/ugel04.gob.pe\/home\/wp-json\/wp\/v2\/media\/258746"}],"wp:attachment":[{"href":"https:\/\/ugel04.gob.pe\/home\/wp-json\/wp\/v2\/media?parent=258745"}],"wp:term":[{"taxonomy":"category","embeddable":true,"href":"https:\/\/ugel04.gob.pe\/home\/wp-json\/wp\/v2\/categories?post=258745"},{"taxonomy":"post_tag","embeddable":true,"href":"https:\/\/ugel04.gob.pe\/home\/wp-json\/wp\/v2\/tags?post=258745"}],"curies":[{"name":"wp","href":"https:\/\/api.w.org\/{rel}","templated":true}]}}