{"id":258729,"date":"2025-03-03T14:53:33","date_gmt":"2025-03-03T19:53:33","guid":{"rendered":"https:\/\/ugel04.gob.pe\/home\/?p=258729"},"modified":"2025-03-03T14:53:43","modified_gmt":"2025-03-03T19:53:43","slug":"docentes-nombrados-2025-reciben-rd-en-emotiva-ceremonia","status":"publish","type":"post","link":"https:\/\/ugel04.gob.pe\/home\/docentes-nombrados-2025-reciben-rd-en-emotiva-ceremonia\/","title":{"rendered":"DOCENTES NOMBRADOS 2025 RECIBEN RD EN EMOTIVA CEREMONIA"},"content":{"rendered":"<p>[et_pb_section fb_built=\u00bb1&#8243; theme_builder_area=\u00bbpost_content\u00bb _builder_version=\u00bb4.27.4&#8243; _module_preset=\u00bbdefault\u00bb da_is_popup=\u00bboff\u00bb da_exit_intent=\u00bboff\u00bb da_has_close=\u00bbon\u00bb da_alt_close=\u00bboff\u00bb da_dark_close=\u00bboff\u00bb da_not_modal=\u00bbon\u00bb da_is_singular=\u00bboff\u00bb da_with_loader=\u00bboff\u00bb da_has_shadow=\u00bbon\u00bb da_disable_devices=\u00bboff|off|off\u00bb][et_pb_row _builder_version=\u00bb4.27.4&#8243; _module_preset=\u00bbdefault\u00bb theme_builder_area=\u00bbpost_content\u00bb][et_pb_column _builder_version=\u00bb4.27.4&#8243; _module_preset=\u00bbdefault\u00bb type=\u00bb4_4&#8243; theme_builder_area=\u00bbpost_content\u00bb][et_pb_text _builder_version=\u00bb4.27.4&#8243; _module_preset=\u00bbdefault\u00bb theme_builder_area=\u00bbpost_content\u00bb hover_enabled=\u00bb0&#8243; sticky_enabled=\u00bb0&#8243;]<\/p>\n<p><strong>En una emocionante ceremonia desarrollada en el auditorio Los Caynas de la sede Lima Norte de la UCV, la UGEL 04 oficializ\u00f3 la entrega de las Resoluciones Directorales de nombramiento a 499 docentes que ingresaron a la Carrera P\u00fablica Magisterial (CPM) en el presente a\u00f1o 2025.<\/strong><\/p>\n<p>Durante el evento dividido en dos turnos, la directora Nelly Cunza Pr\u00edncipe, felicit\u00f3 a los flamantes profesores nombrados por el logro alcanzado, encomend\u00e1ndoles la tarea de coadyuvar al fortalecimiento del servicio educativo mediante el uso de las metodolog\u00edas modernas puestas a su disposici\u00f3n a trav\u00e9s de la tecnolog\u00eda y la innovaci\u00f3n pedag\u00f3gica.<\/p>\n<p>\u201cSoy la vocera de la sociedad de Lima Norte que saluda y felicita su nombramiento. Confiamos en sus grandes capacidades y aporte al desarrollo integral de los estudiantes. Por ello, invoco su capacitaci\u00f3n permanente y el uso de la pedagog\u00eda moderna, por competencias, para lograr superar los grandes desaf\u00edos educativos que tenemos en frente hoy. Les deseo el mayor \u00e9xito. Esfu\u00e9rcense, asciendan y trasciendan\u201d, manifest\u00f3.<\/p>\n<p>Luego de las palabras de la directora Nelly Cunza y de los jefes de las \u00c1reas pedag\u00f3gicas; as\u00ed como, de un breve show musical que caus\u00f3 el deleite de los asistentes, se procedi\u00f3 a la entrega de las RD f\u00edsicas a cada uno los docentes nombrados, quienes vivieron emotivos momentos junto a sus familiares y seres queridos, exteriorizados en abrazos, besos, felicitaciones y fotos para la posteridad.<\/p>\n<p>Cabe destacar, el reconocimiento adicional realizado a los profesores que obtuvieron el primer lugar durante el riguroso proceso meritocr\u00e1tico previo, en las diversas modalidades y niveles, mediante la entrega de presentes (maletines) donados por la Derrama Magisterial, los cuales fueron recibidos con gran satisfacci\u00f3n.<\/p>\n<p><strong>Riguroso proceso<\/strong><\/p>\n<p>Como se sabe, para lograr el nombramiento los docentes superaron un exhaustivo proceso dividido en dos etapas: Nacional y Descentralizada.<\/p>\n<p>Defini\u00e9ndose de la siguiente manera:<\/p>\n<ol>\n<li>Prueba Nacional: aplicada por el Ministerio de Educaci\u00f3n (Minedu).<\/li>\n<li>Evaluaci\u00f3n descentralizada: en la cual, un comit\u00e9 especializado valor\u00f3 la competencia pedag\u00f3gica y trayectoria profesional de los postulantes.<\/li>\n<\/ol>\n<p>Los docentes que aprobaron ambas etapas tuvieron la oportunidad de elegir la plaza de su preferencia durante las adjudicaciones p\u00fablicas realizadas por UGEL 04.<\/p>\n<p><strong>\u00a1Felicitaciones queridos docentes nombrados a\u00f1o 2025!<\/strong><\/p>\n<p>[\/et_pb_text][\/et_pb_column][\/et_pb_row][\/et_pb_section]<\/p>\n","protected":false},"excerpt":{"rendered":"<p>En una emocionante ceremonia desarrollada en el auditorio Los Caynas de la sede Lima Norte de la UCV, la UGEL 04 oficializ\u00f3 la entrega de las Resoluciones Directorales de nombramiento [&hellip;]<\/p>\n","protected":false},"author":1,"featured_media":258730,"comment_status":"closed","ping_status":"open","sticky":false,"template":"","format":"standard","meta":{"_et_pb_use_builder":"on","_et_pb_old_content":"","_et_gb_content_width":"1080","footnotes":""},"categories":[10],"tags":[],"class_list":["post-258729","post","type-post","status-publish","format-standard","has-post-thumbnail","hentry","category-noticias"],"_links":{"self":[{"href":"https:\/\/ugel04.gob.pe\/home\/wp-json\/wp\/v2\/posts\/258729","targetHints":{"allow":["GET"]}}],"collection":[{"href":"https:\/\/ugel04.gob.pe\/home\/wp-json\/wp\/v2\/posts"}],"about":[{"href":"https:\/\/ugel04.gob.pe\/home\/wp-json\/wp\/v2\/types\/post"}],"author":[{"embeddable":true,"href":"https:\/\/ugel04.gob.pe\/home\/wp-json\/wp\/v2\/users\/1"}],"replies":[{"embeddable":true,"href":"https:\/\/ugel04.gob.pe\/home\/wp-json\/wp\/v2\/comments?post=258729"}],"version-history":[{"count":2,"href":"https:\/\/ugel04.gob.pe\/home\/wp-json\/wp\/v2\/posts\/258729\/revisions"}],"predecessor-version":[{"id":258732,"href":"https:\/\/ugel04.gob.pe\/home\/wp-json\/wp\/v2\/posts\/258729\/revisions\/258732"}],"wp:featuredmedia":[{"embeddable":true,"href":"https:\/\/ugel04.gob.pe\/home\/wp-json\/wp\/v2\/media\/258730"}],"wp:attachment":[{"href":"https:\/\/ugel04.gob.pe\/home\/wp-json\/wp\/v2\/media?parent=258729"}],"wp:term":[{"taxonomy":"category","embeddable":true,"href":"https:\/\/ugel04.gob.pe\/home\/wp-json\/wp\/v2\/categories?post=258729"},{"taxonomy":"post_tag","embeddable":true,"href":"https:\/\/ugel04.gob.pe\/home\/wp-json\/wp\/v2\/tags?post=258729"}],"curies":[{"name":"wp","href":"https:\/\/api.w.org\/{rel}","templated":true}]}}