{"id":258712,"date":"2025-02-27T10:27:50","date_gmt":"2025-02-27T15:27:50","guid":{"rendered":"https:\/\/ugel04.gob.pe\/home\/?p=258712"},"modified":"2025-02-27T10:28:11","modified_gmt":"2025-02-27T15:28:11","slug":"ugel-04-y-uoas-renuevan-alianza-estrategica-en-beneficio-de-colegios-internados-de-ancon","status":"publish","type":"post","link":"https:\/\/ugel04.gob.pe\/home\/ugel-04-y-uoas-renuevan-alianza-estrategica-en-beneficio-de-colegios-internados-de-ancon\/","title":{"rendered":"UGEL 04 Y UOAS RENUEVAN ALIANZA ESTRAT\u00c9GICA EN BENEFICIO DE COLEGIOS INTERNADOS DE ANC\u00d3N"},"content":{"rendered":"<p>[et_pb_section fb_built=\u00bb1&#8243; theme_builder_area=\u00bbpost_content\u00bb _builder_version=\u00bb4.27.4&#8243; _module_preset=\u00bbdefault\u00bb da_is_popup=\u00bboff\u00bb da_exit_intent=\u00bboff\u00bb da_has_close=\u00bbon\u00bb da_alt_close=\u00bboff\u00bb da_dark_close=\u00bboff\u00bb da_not_modal=\u00bbon\u00bb da_is_singular=\u00bboff\u00bb da_with_loader=\u00bboff\u00bb da_has_shadow=\u00bbon\u00bb da_disable_devices=\u00bboff|off|off\u00bb][et_pb_row _builder_version=\u00bb4.27.4&#8243; _module_preset=\u00bbdefault\u00bb theme_builder_area=\u00bbpost_content\u00bb][et_pb_column _builder_version=\u00bb4.27.4&#8243; _module_preset=\u00bbdefault\u00bb type=\u00bb4_4&#8243; theme_builder_area=\u00bbpost_content\u00bb][et_pb_text _builder_version=\u00bb4.27.4&#8243; _module_preset=\u00bbdefault\u00bb theme_builder_area=\u00bbpost_content\u00bb hover_enabled=\u00bb0&#8243; sticky_enabled=\u00bb0&#8243;]<\/p>\n<p>En marco de las acciones destinadas a seguir fortaleciendo la calidad educativa en nuestra jurisdicci\u00f3n y garantizar el Buen Inicio del A\u00f1o Escolar, la UGEL 04 renov\u00f3 el convenio de cooperaci\u00f3n interinstitucional con la Uni\u00f3n de Obras de Asistencia Social (UOAS); el mismo, que tiene como objetivo espec\u00edfico vigorizar la educaci\u00f3n y la formaci\u00f3n integral de los estudiantes de los colegios parroquiales \u201cColonia de Anc\u00f3n 1, Ni\u00f1as\u201d y \u201cColonia de Anc\u00f3n 2, Ni\u00f1os\u201d.<\/p>\n<p>El acto protocolar se llev\u00f3 a cabo en la sala COE de la UGEL 04, en donde procedieron la firma del convenio, por nuestra entidad: la directora Nelly Cunza Pr\u00edncipe, y por parte de UOAS, su presidenta del Consejo Directivo, Sra. Gracia Dammert.<\/p>\n<p>A trav\u00e9s de este convenio, la UGEL 04 garantiza la asignaci\u00f3n de plazas docentes, directivas y administrativas para ambas instituciones educativas, reafirmando su compromiso con la prestaci\u00f3n de un servicio educativo de calidad, basado en principios \u00e9ticos y valores.<\/p>\n<p>Asimismo, este acuerdo permitir\u00e1 brindar una atenci\u00f3n integral a los estudiantes, promoviendo su desarrollo acad\u00e9mico y personal en un entorno de equidad y formaci\u00f3n espiritual.<\/p>\n<p>Con esta alianza estrat\u00e9gica, la UGEL 04 y UOAS contin\u00faan trabajando de manera conjunta en favor de la educaci\u00f3n de ni\u00f1os y ni\u00f1as, asegurando las condiciones necesarias para el desarrollo del a\u00f1o escolar 2025<\/p>\n<p>[\/et_pb_text][\/et_pb_column][\/et_pb_row][\/et_pb_section]<\/p>\n","protected":false},"excerpt":{"rendered":"<p>En marco de las acciones destinadas a seguir fortaleciendo la calidad educativa en nuestra jurisdicci\u00f3n y garantizar el Buen Inicio del A\u00f1o Escolar, la UGEL 04 renov\u00f3 el convenio de [&hellip;]<\/p>\n","protected":false},"author":1,"featured_media":258713,"comment_status":"open","ping_status":"open","sticky":false,"template":"","format":"standard","meta":{"_et_pb_use_builder":"on","_et_pb_old_content":"","_et_gb_content_width":"1080","footnotes":""},"categories":[10],"tags":[],"class_list":["post-258712","post","type-post","status-publish","format-standard","has-post-thumbnail","hentry","category-noticias"],"_links":{"self":[{"href":"https:\/\/ugel04.gob.pe\/home\/wp-json\/wp\/v2\/posts\/258712","targetHints":{"allow":["GET"]}}],"collection":[{"href":"https:\/\/ugel04.gob.pe\/home\/wp-json\/wp\/v2\/posts"}],"about":[{"href":"https:\/\/ugel04.gob.pe\/home\/wp-json\/wp\/v2\/types\/post"}],"author":[{"embeddable":true,"href":"https:\/\/ugel04.gob.pe\/home\/wp-json\/wp\/v2\/users\/1"}],"replies":[{"embeddable":true,"href":"https:\/\/ugel04.gob.pe\/home\/wp-json\/wp\/v2\/comments?post=258712"}],"version-history":[{"count":2,"href":"https:\/\/ugel04.gob.pe\/home\/wp-json\/wp\/v2\/posts\/258712\/revisions"}],"predecessor-version":[{"id":258716,"href":"https:\/\/ugel04.gob.pe\/home\/wp-json\/wp\/v2\/posts\/258712\/revisions\/258716"}],"wp:featuredmedia":[{"embeddable":true,"href":"https:\/\/ugel04.gob.pe\/home\/wp-json\/wp\/v2\/media\/258713"}],"wp:attachment":[{"href":"https:\/\/ugel04.gob.pe\/home\/wp-json\/wp\/v2\/media?parent=258712"}],"wp:term":[{"taxonomy":"category","embeddable":true,"href":"https:\/\/ugel04.gob.pe\/home\/wp-json\/wp\/v2\/categories?post=258712"},{"taxonomy":"post_tag","embeddable":true,"href":"https:\/\/ugel04.gob.pe\/home\/wp-json\/wp\/v2\/tags?post=258712"}],"curies":[{"name":"wp","href":"https:\/\/api.w.org\/{rel}","templated":true}]}}