{"id":258685,"date":"2025-02-24T15:15:06","date_gmt":"2025-02-24T20:15:06","guid":{"rendered":"https:\/\/ugel04.gob.pe\/home\/?p=258685"},"modified":"2025-02-24T16:59:51","modified_gmt":"2025-02-24T21:59:51","slug":"emotiva-ceremonia-de-graduacion-en-el-cetpro-carabayllo-17-estudiantes-culminan-su-formacion-en-panaderia-y-pasteleria","status":"publish","type":"post","link":"https:\/\/ugel04.gob.pe\/home\/emotiva-ceremonia-de-graduacion-en-el-cetpro-carabayllo-17-estudiantes-culminan-su-formacion-en-panaderia-y-pasteleria\/","title":{"rendered":"ESTUDIANTES DE CETPRO CARABAYLLO CULMINAN SU FORMACI\u00d3N AUXILIAR T\u00c9CNICO EN PANADER\u00cdA Y PASTELER\u00cdA"},"content":{"rendered":"\n[et_pb_section fb_built=\u00bb1&#8243; theme_builder_area=\u00bbpost_content\u00bb _builder_version=\u00bb4.27.4&#8243; _module_preset=\u00bbdefault\u00bb da_is_popup=\u00bboff\u00bb da_exit_intent=\u00bboff\u00bb da_has_close=\u00bbon\u00bb da_alt_close=\u00bboff\u00bb da_dark_close=\u00bboff\u00bb da_not_modal=\u00bbon\u00bb da_is_singular=\u00bboff\u00bb da_with_loader=\u00bboff\u00bb da_has_shadow=\u00bbon\u00bb da_disable_devices=\u00bboff|off|off\u00bb][et_pb_row _builder_version=\u00bb4.27.4&#8243; _module_preset=\u00bbdefault\u00bb theme_builder_area=\u00bbpost_content\u00bb][et_pb_column _builder_version=\u00bb4.27.4&#8243; _module_preset=\u00bbdefault\u00bb type=\u00bb4_4&#8243; theme_builder_area=\u00bbpost_content\u00bb][et_pb_text _builder_version=\u00bb4.27.4&#8243; _module_preset=\u00bbdefault\u00bb theme_builder_area=\u00bbpost_content\u00bb hover_enabled=\u00bb0&#8243; sticky_enabled=\u00bb0&#8243;]<p><strong>En una emotiva ceremonia, acompa\u00f1ados de sus familiares y seres queridos, 17 estudiantes del CETPRO Carabayllo celebraron con orgullo su graduaci\u00f3n tras culminar satisfactoriamente su formaci\u00f3n como auxiliares t\u00e9cnicos en Panader\u00eda y Pasteler\u00eda. Bajo la gu\u00eda de la docente Doris Jim\u00e9nez, los graduados adquirieron conocimientos y habilidades fundamentales para desempe\u00f1arse en el rubro que escogieron.<\/strong><\/p>\n<p data-start=\"658\" data-end=\"1045\">Durante el evento, se destac\u00f3 el esfuerzo, la dedicaci\u00f3n y el talento de los egresados, quienes ahora est\u00e1n listos para incorporarse al mercado laboral o emprender sus propios negocios en el sector. Asimismo, se reafirm\u00f3 el compromiso de realizar un seguimiento a los graduados, pues hay gran inter\u00e9s en el futuro de sus carreras.<\/p>\n<p data-start=\"1047\" data-end=\"1324\">En representaci\u00f3n de la directora de la UGEL 04, el jefe de AGEBATP estuvo presente en la ceremonia, resaltando la importancia de la educaci\u00f3n t\u00e9cnico-productiva como una herramienta clave para la empleabilidad y el desarrollo econ\u00f3mico de la comunidad.<\/p>[\/et_pb_text][\/et_pb_column][\/et_pb_row][\/et_pb_section]\n","protected":false},"excerpt":{"rendered":"<p>En una emotiva ceremonia, acompa\u00f1ados de sus familiares y seres queridos, 17 estudiantes del CETPRO Carabayllo celebraron con orgullo su graduaci\u00f3n tras culminar satisfactoriamente su formaci\u00f3n como auxiliares t\u00e9cnicos en [&hellip;]<\/p>\n","protected":false},"author":1,"featured_media":258687,"comment_status":"closed","ping_status":"open","sticky":false,"template":"","format":"standard","meta":{"_et_pb_use_builder":"on","_et_pb_old_content":"","_et_gb_content_width":"1080","footnotes":""},"categories":[10],"tags":[],"class_list":["post-258685","post","type-post","status-publish","format-standard","has-post-thumbnail","hentry","category-noticias"],"_links":{"self":[{"href":"https:\/\/ugel04.gob.pe\/home\/wp-json\/wp\/v2\/posts\/258685","targetHints":{"allow":["GET"]}}],"collection":[{"href":"https:\/\/ugel04.gob.pe\/home\/wp-json\/wp\/v2\/posts"}],"about":[{"href":"https:\/\/ugel04.gob.pe\/home\/wp-json\/wp\/v2\/types\/post"}],"author":[{"embeddable":true,"href":"https:\/\/ugel04.gob.pe\/home\/wp-json\/wp\/v2\/users\/1"}],"replies":[{"embeddable":true,"href":"https:\/\/ugel04.gob.pe\/home\/wp-json\/wp\/v2\/comments?post=258685"}],"version-history":[{"count":6,"href":"https:\/\/ugel04.gob.pe\/home\/wp-json\/wp\/v2\/posts\/258685\/revisions"}],"predecessor-version":[{"id":258694,"href":"https:\/\/ugel04.gob.pe\/home\/wp-json\/wp\/v2\/posts\/258685\/revisions\/258694"}],"wp:featuredmedia":[{"embeddable":true,"href":"https:\/\/ugel04.gob.pe\/home\/wp-json\/wp\/v2\/media\/258687"}],"wp:attachment":[{"href":"https:\/\/ugel04.gob.pe\/home\/wp-json\/wp\/v2\/media?parent=258685"}],"wp:term":[{"taxonomy":"category","embeddable":true,"href":"https:\/\/ugel04.gob.pe\/home\/wp-json\/wp\/v2\/categories?post=258685"},{"taxonomy":"post_tag","embeddable":true,"href":"https:\/\/ugel04.gob.pe\/home\/wp-json\/wp\/v2\/tags?post=258685"}],"curies":[{"name":"wp","href":"https:\/\/api.w.org\/{rel}","templated":true}]}}