{"id":258681,"date":"2025-02-21T16:31:54","date_gmt":"2025-02-21T21:31:54","guid":{"rendered":"https:\/\/ugel04.gob.pe\/home\/?p=258681"},"modified":"2025-02-21T16:31:55","modified_gmt":"2025-02-21T21:31:55","slug":"ugel-04-desarrollo-con-exito-la-segunda-etapa-de-contratacion-docente-2025","status":"publish","type":"post","link":"https:\/\/ugel04.gob.pe\/home\/ugel-04-desarrollo-con-exito-la-segunda-etapa-de-contratacion-docente-2025\/","title":{"rendered":"UGEL 04 DESARROLL\u00d3 CON \u00c9XITO LA SEGUNDA ETAPA DE CONTRATACI\u00d3N DOCENTE 2025"},"content":{"rendered":"<p>[et_pb_section fb_built=\u00bb1&#8243; theme_builder_area=\u00bbpost_content\u00bb _builder_version=\u00bb4.27.4&#8243; _module_preset=\u00bbdefault\u00bb da_is_popup=\u00bboff\u00bb da_exit_intent=\u00bboff\u00bb da_has_close=\u00bbon\u00bb da_alt_close=\u00bboff\u00bb da_dark_close=\u00bboff\u00bb da_not_modal=\u00bbon\u00bb da_is_singular=\u00bboff\u00bb da_with_loader=\u00bboff\u00bb da_has_shadow=\u00bbon\u00bb da_disable_devices=\u00bboff|off|off\u00bb][et_pb_row _builder_version=\u00bb4.27.4&#8243; _module_preset=\u00bbdefault\u00bb theme_builder_area=\u00bbpost_content\u00bb][et_pb_column _builder_version=\u00bb4.27.4&#8243; _module_preset=\u00bbdefault\u00bb type=\u00bb4_4&#8243; theme_builder_area=\u00bbpost_content\u00bb][et_pb_text _builder_version=\u00bb4.27.4&#8243; _module_preset=\u00bbdefault\u00bb theme_builder_area=\u00bbpost_content\u00bb hover_enabled=\u00bb0&#8243; sticky_enabled=\u00bb0&#8243;]<\/p>\n<p><strong>Durante los d\u00edas jueves 20 y viernes 21 de febrero, se llev\u00f3 a cabo con \u00e9xito la Segunda Etapa de Contrataci\u00f3n Docente por Resultados de la Prueba Nacional 2025. El evento, desarrollado de manera presencial en la Universidad Ciencias y Humanidades (UCH) en Lima Norte, garantiz\u00f3 un proceso transparente y eficiente para la asignaci\u00f3n de plazas.<\/strong><\/p>\n<p><span>La apertura estuvo a cargo de la directora de la UGEL 04, Nelly Cunza Pr\u00edncipe, quien dirigi\u00f3 unas palabras a los docentes, felicit\u00e1ndolos por su esfuerzo y alent\u00e1ndolos a desempe\u00f1arse con compromiso y vocaci\u00f3n en sus nuevas instituciones educativas.<\/span><\/p>\n<p><span>Representantes del Ministerio de Educaci\u00f3n (MINEDU) supervisaron el proceso para garantizar el cumplimiento de la normativa vigente y la transparencia en la adjudicaci\u00f3n.<\/span><\/p>\n<p><span>En el primer d\u00eda, se asignaron plazas para Educaci\u00f3n B\u00e1sica Regular en los niveles de Inicial, Primaria y Secundaria, asegurando un procedimiento \u00e1gil y ordenado. El segundo d\u00eda, continu\u00f3 la adjudicaci\u00f3n para Educaci\u00f3n B\u00e1sica Especial (EBE), Educaci\u00f3n B\u00e1sica Alternativa (EBA) y Educaci\u00f3n F\u00edsica, completando posteriormente la asignaci\u00f3n de plazas para Secundaria en las especialidades de Arte, Ciencias Sociales, Desarrollo Personal, Ciudadan\u00eda y C\u00edvica (DPCC), Educaci\u00f3n para el Trabajo e Innovaci\u00f3n Pedag\u00f3gica.<\/span><\/p>\n<p><span>Para garantizar un proceso eficiente, la adjudicaci\u00f3n se realiz\u00f3 de manera simult\u00e1nea en tres pabellones de la universidad, permitiendo una atenci\u00f3n fluida a los docentes por parte del personal de la UGEL 04.<\/span><\/p>\n<p><span>Expresamos nuestro agradecimiento a los docentes por su paciencia y colaboraci\u00f3n, as\u00ed como a la Universidad Ciencias y Humanidades por facilitar sus instalaciones para este importante evento. Reiteramos nuestro compromiso con la educaci\u00f3n y con un proceso de adjudicaci\u00f3n justo y eficiente.<\/span><\/p>\n<p><span>Finalmente, recordamos a los docentes que deben presentarse en sus instituciones educativas el lunes 3 de marzo para tomar posesi\u00f3n de sus cargos. Es fundamental que los directores informen oportunamente a la UGEL sobre la incorporaci\u00f3n de los docentes, ya que cualquier retraso en esta comunicaci\u00f3n podr\u00eda afectar el pago correspondiente al mes de marzo. Con este paso, aseguramos que los estudiantes cuenten con sus maestros desde el primer d\u00eda de clases, garantizando una educaci\u00f3n de calidad.<\/span><\/p>\n<p>[\/et_pb_text][\/et_pb_column][\/et_pb_row][\/et_pb_section]<\/p>\n","protected":false},"excerpt":{"rendered":"<p>Durante los d\u00edas jueves 20 y viernes 21 de febrero, se llev\u00f3 a cabo con \u00e9xito la Segunda Etapa de Contrataci\u00f3n Docente por Resultados de la Prueba Nacional 2025. El [&hellip;]<\/p>\n","protected":false},"author":1,"featured_media":258682,"comment_status":"closed","ping_status":"open","sticky":false,"template":"","format":"standard","meta":{"_et_pb_use_builder":"on","_et_pb_old_content":"","_et_gb_content_width":"1080","footnotes":""},"categories":[10],"tags":[],"class_list":["post-258681","post","type-post","status-publish","format-standard","has-post-thumbnail","hentry","category-noticias"],"_links":{"self":[{"href":"https:\/\/ugel04.gob.pe\/home\/wp-json\/wp\/v2\/posts\/258681","targetHints":{"allow":["GET"]}}],"collection":[{"href":"https:\/\/ugel04.gob.pe\/home\/wp-json\/wp\/v2\/posts"}],"about":[{"href":"https:\/\/ugel04.gob.pe\/home\/wp-json\/wp\/v2\/types\/post"}],"author":[{"embeddable":true,"href":"https:\/\/ugel04.gob.pe\/home\/wp-json\/wp\/v2\/users\/1"}],"replies":[{"embeddable":true,"href":"https:\/\/ugel04.gob.pe\/home\/wp-json\/wp\/v2\/comments?post=258681"}],"version-history":[{"count":2,"href":"https:\/\/ugel04.gob.pe\/home\/wp-json\/wp\/v2\/posts\/258681\/revisions"}],"predecessor-version":[{"id":258684,"href":"https:\/\/ugel04.gob.pe\/home\/wp-json\/wp\/v2\/posts\/258681\/revisions\/258684"}],"wp:featuredmedia":[{"embeddable":true,"href":"https:\/\/ugel04.gob.pe\/home\/wp-json\/wp\/v2\/media\/258682"}],"wp:attachment":[{"href":"https:\/\/ugel04.gob.pe\/home\/wp-json\/wp\/v2\/media?parent=258681"}],"wp:term":[{"taxonomy":"category","embeddable":true,"href":"https:\/\/ugel04.gob.pe\/home\/wp-json\/wp\/v2\/categories?post=258681"},{"taxonomy":"post_tag","embeddable":true,"href":"https:\/\/ugel04.gob.pe\/home\/wp-json\/wp\/v2\/tags?post=258681"}],"curies":[{"name":"wp","href":"https:\/\/api.w.org\/{rel}","templated":true}]}}