{"id":258666,"date":"2025-02-18T13:11:07","date_gmt":"2025-02-18T18:11:07","guid":{"rendered":"https:\/\/ugel04.gob.pe\/home\/?p=258666"},"modified":"2025-02-18T14:49:34","modified_gmt":"2025-02-18T19:49:34","slug":"facultad-de-tecnologia-une-y-ugel-04-unen-esfuerzos-para-la-mejora-educativa-2","status":"publish","type":"post","link":"https:\/\/ugel04.gob.pe\/home\/facultad-de-tecnologia-une-y-ugel-04-unen-esfuerzos-para-la-mejora-educativa-2\/","title":{"rendered":"FACULTAD DE TECNOLOG\u00cdA DE LA CANTUTA Y UGEL 04 UNEN ESFUERZOS PARA LA CAPACITACI\u00d3N DOCENTE"},"content":{"rendered":"\n<figure class=\"wp-block-gallery has-nested-images columns-default is-cropped wp-block-gallery-1 is-layout-flex wp-block-gallery-is-layout-flex\">\n<figure class=\"wp-block-image size-large\"><img loading=\"lazy\" decoding=\"async\" width=\"1024\" height=\"683\" data-id=\"258667\" src=\"https:\/\/ugel04.gob.pe\/home\/wp-content\/uploads\/2025\/02\/WhatsApp-Image-2025-02-18-at-10.56.29-1-1024x683.jpeg\" alt=\"\" class=\"wp-image-258667\" srcset=\"https:\/\/ugel04.gob.pe\/home\/wp-content\/uploads\/2025\/02\/WhatsApp-Image-2025-02-18-at-10.56.29-1-980x653.jpeg 980w, https:\/\/ugel04.gob.pe\/home\/wp-content\/uploads\/2025\/02\/WhatsApp-Image-2025-02-18-at-10.56.29-1-480x320.jpeg 480w\" sizes=\"(min-width: 0px) and (max-width: 480px) 480px, (min-width: 481px) and (max-width: 980px) 980px, (min-width: 981px) 1024px, 100vw\" \/><\/figure>\n<\/figure>\n\n\n\n<p>La Facultad de Tecnolog\u00eda de la Universidad Nacional de Educaci\u00f3n Enrique Guzm\u00e1n y Valle, en coordinaci\u00f3n con la UGEL 04, sostuvo una reuni\u00f3n clave para fortalecer la formaci\u00f3n docente y mejorar la vinculaci\u00f3n con entidades de educaci\u00f3n tecnol\u00f3gica.<\/p>\n\n\n\n<p>En representaci\u00f3n de la directora de la UGEL 04, Mg. Nelly Rufina Cunza Pr\u00edncipe, los especialistas del \u00c1rea de Gesti\u00f3n de la Educaci\u00f3n B\u00e1sica Alternativa y T\u00e9cnico Productiva (AGEBATP) se reunieron con el Dr. Daniel Chirinos Armas, decano de la Facultad de Tecnolog\u00eda.<\/p>\n\n\n\n<p>Para implementar un programa de capacitaci\u00f3n dirigido a los docentes de la Facultad de Tecnolog\u00eda, se estableci\u00f3 la colaboraci\u00f3n entre ambas instituciones. Este programa, liderado por especialistas de la UGEL 04, estar\u00e1 enfocado en los avances tecnol\u00f3gicos aplicados a la educaci\u00f3n b\u00e1sica alternativa y t\u00e9cnico productiva, contribuyendo as\u00ed a mejorar la calidad educativa.<\/p>\n\n\n\n<p>Asimismo, se propuso coordinar estrategias con el \u00e1rea de Proyecci\u00f3n Social y Extensi\u00f3n Cultural de la Facultad de Tecnolog\u00eda, con el objetivo de brindar oportunidades de capacitaci\u00f3n a los egresados, facilitando su inserci\u00f3n en el mercado laboral y fortaleciendo su desarrollo profesional.<\/p>\n\n\n\n<p>Con estas acciones, la UGEL 04 y la Facultad de Tecnolog\u00eda de la UNE reafirman su compromiso con la mejora continua de la educaci\u00f3n y la generaci\u00f3n de oportunidades para docentes y estudiantes.<\/p>\n\n\n\n<p><\/p>\n","protected":false},"excerpt":{"rendered":"<p>La Facultad de Tecnolog\u00eda de la Universidad Nacional de Educaci\u00f3n Enrique Guzm\u00e1n y Valle, en coordinaci\u00f3n con la UGEL 04, sostuvo una reuni\u00f3n clave para fortalecer la formaci\u00f3n docente y [&hellip;]<\/p>\n","protected":false},"author":1,"featured_media":258667,"comment_status":"open","ping_status":"open","sticky":false,"template":"","format":"standard","meta":{"_et_pb_use_builder":"off","_et_pb_old_content":"","_et_gb_content_width":"1080","footnotes":""},"categories":[10],"tags":[],"class_list":["post-258666","post","type-post","status-publish","format-standard","has-post-thumbnail","hentry","category-noticias"],"_links":{"self":[{"href":"https:\/\/ugel04.gob.pe\/home\/wp-json\/wp\/v2\/posts\/258666","targetHints":{"allow":["GET"]}}],"collection":[{"href":"https:\/\/ugel04.gob.pe\/home\/wp-json\/wp\/v2\/posts"}],"about":[{"href":"https:\/\/ugel04.gob.pe\/home\/wp-json\/wp\/v2\/types\/post"}],"author":[{"embeddable":true,"href":"https:\/\/ugel04.gob.pe\/home\/wp-json\/wp\/v2\/users\/1"}],"replies":[{"embeddable":true,"href":"https:\/\/ugel04.gob.pe\/home\/wp-json\/wp\/v2\/comments?post=258666"}],"version-history":[{"count":2,"href":"https:\/\/ugel04.gob.pe\/home\/wp-json\/wp\/v2\/posts\/258666\/revisions"}],"predecessor-version":[{"id":258669,"href":"https:\/\/ugel04.gob.pe\/home\/wp-json\/wp\/v2\/posts\/258666\/revisions\/258669"}],"wp:featuredmedia":[{"embeddable":true,"href":"https:\/\/ugel04.gob.pe\/home\/wp-json\/wp\/v2\/media\/258667"}],"wp:attachment":[{"href":"https:\/\/ugel04.gob.pe\/home\/wp-json\/wp\/v2\/media?parent=258666"}],"wp:term":[{"taxonomy":"category","embeddable":true,"href":"https:\/\/ugel04.gob.pe\/home\/wp-json\/wp\/v2\/categories?post=258666"},{"taxonomy":"post_tag","embeddable":true,"href":"https:\/\/ugel04.gob.pe\/home\/wp-json\/wp\/v2\/tags?post=258666"}],"curies":[{"name":"wp","href":"https:\/\/api.w.org\/{rel}","templated":true}]}}