{"id":258640,"date":"2025-02-14T18:48:38","date_gmt":"2025-02-14T23:48:38","guid":{"rendered":"https:\/\/ugel04.gob.pe\/home\/?p=258640"},"modified":"2025-02-17T08:55:12","modified_gmt":"2025-02-17T13:55:12","slug":"reunion-de-la-red-especializada-de-cetpro","status":"publish","type":"post","link":"https:\/\/ugel04.gob.pe\/home\/reunion-de-la-red-especializada-de-cetpro\/","title":{"rendered":"Directivos se re\u00fanen para fortalecer la Gesti\u00f3n Educativa en los CETPRO"},"content":{"rendered":"\n[et_pb_section fb_built=\u00bb1&#8243; theme_builder_area=\u00bbpost_content\u00bb _builder_version=\u00bb4.27.4&#8243; _module_preset=\u00bbdefault\u00bb da_is_popup=\u00bboff\u00bb da_exit_intent=\u00bboff\u00bb da_has_close=\u00bbon\u00bb da_alt_close=\u00bboff\u00bb da_dark_close=\u00bboff\u00bb da_not_modal=\u00bbon\u00bb da_is_singular=\u00bboff\u00bb da_with_loader=\u00bboff\u00bb da_has_shadow=\u00bbon\u00bb da_disable_devices=\u00bboff|off|off\u00bb][et_pb_row _builder_version=\u00bb4.27.4&#8243; _module_preset=\u00bbdefault\u00bb theme_builder_area=\u00bbpost_content\u00bb][et_pb_column _builder_version=\u00bb4.27.4&#8243; _module_preset=\u00bbdefault\u00bb type=\u00bb4_4&#8243; theme_builder_area=\u00bbpost_content\u00bb][et_pb_text _builder_version=\u00bb4.27.4&#8243; _module_preset=\u00bbdefault\u00bb theme_builder_area=\u00bbpost_content\u00bb hover_enabled=\u00bb0&#8243; sticky_enabled=\u00bb0&#8243;]<p><strong>En el marco de las actividades previas al inicio de a\u00f1o lectivo 2025, el \u00c1rea de Gesti\u00f3n de la Educaci\u00f3n B\u00e1sica Alternativa y T\u00e9cnico Productiva (AGEBATP) llev\u00f3 a cabo su reuni\u00f3n, con el objetivo de fortalecer la gesti\u00f3n educativa y pedag\u00f3gica en los Centros de Educaci\u00f3n T\u00e9cnico Productiva (CETPRO) de la jurisdicci\u00f3n.<\/strong><\/p>\n<p>En este contexto, con el apoyo de los especialistas del \u00e1rea, socializaron las actividades clave del Plan de Trabajo 2025, discutieron los instrumentos de monitoreo y trataron la reconformaci\u00f3n de la Red de CETPRO; asimismo, se proporcionaron las herramientas necesarias para mejorar la calidad educativa y fortalecer la gesti\u00f3n pedag\u00f3gica en los centros educativos.<\/p>\n<p>Cabe recalcar que, con este encuentro, el AGEBATP reafirma su compromiso con el desarrollo profesional de los estudiantes y el fortalecimiento de la educaci\u00f3n t\u00e9cnica en la regi\u00f3n.<\/p>[\/et_pb_text][\/et_pb_column][\/et_pb_row][\/et_pb_section]\n","protected":false},"excerpt":{"rendered":"<p>En el marco de las actividades previas al inicio de a\u00f1o lectivo 2025, el \u00c1rea de Gesti\u00f3n de la Educaci\u00f3n B\u00e1sica Alternativa y T\u00e9cnico Productiva (AGEBATP) llev\u00f3 a cabo su [&hellip;]<\/p>\n","protected":false},"author":1,"featured_media":258641,"comment_status":"closed","ping_status":"open","sticky":false,"template":"","format":"standard","meta":{"_et_pb_use_builder":"on","_et_pb_old_content":"","_et_gb_content_width":"1080","footnotes":""},"categories":[10],"tags":[],"class_list":["post-258640","post","type-post","status-publish","format-standard","has-post-thumbnail","hentry","category-noticias"],"_links":{"self":[{"href":"https:\/\/ugel04.gob.pe\/home\/wp-json\/wp\/v2\/posts\/258640","targetHints":{"allow":["GET"]}}],"collection":[{"href":"https:\/\/ugel04.gob.pe\/home\/wp-json\/wp\/v2\/posts"}],"about":[{"href":"https:\/\/ugel04.gob.pe\/home\/wp-json\/wp\/v2\/types\/post"}],"author":[{"embeddable":true,"href":"https:\/\/ugel04.gob.pe\/home\/wp-json\/wp\/v2\/users\/1"}],"replies":[{"embeddable":true,"href":"https:\/\/ugel04.gob.pe\/home\/wp-json\/wp\/v2\/comments?post=258640"}],"version-history":[{"count":3,"href":"https:\/\/ugel04.gob.pe\/home\/wp-json\/wp\/v2\/posts\/258640\/revisions"}],"predecessor-version":[{"id":258649,"href":"https:\/\/ugel04.gob.pe\/home\/wp-json\/wp\/v2\/posts\/258640\/revisions\/258649"}],"wp:featuredmedia":[{"embeddable":true,"href":"https:\/\/ugel04.gob.pe\/home\/wp-json\/wp\/v2\/media\/258641"}],"wp:attachment":[{"href":"https:\/\/ugel04.gob.pe\/home\/wp-json\/wp\/v2\/media?parent=258640"}],"wp:term":[{"taxonomy":"category","embeddable":true,"href":"https:\/\/ugel04.gob.pe\/home\/wp-json\/wp\/v2\/categories?post=258640"},{"taxonomy":"post_tag","embeddable":true,"href":"https:\/\/ugel04.gob.pe\/home\/wp-json\/wp\/v2\/tags?post=258640"}],"curies":[{"name":"wp","href":"https:\/\/api.w.org\/{rel}","templated":true}]}}