{"id":258635,"date":"2025-02-14T18:27:59","date_gmt":"2025-02-14T23:27:59","guid":{"rendered":"https:\/\/ugel04.gob.pe\/home\/?p=258635"},"modified":"2025-02-14T18:28:01","modified_gmt":"2025-02-14T23:28:01","slug":"ugel-04-recibe-segunda-escuela-bicentenario-para-el-buen-inicio-del-ano-escolar","status":"publish","type":"post","link":"https:\/\/ugel04.gob.pe\/home\/ugel-04-recibe-segunda-escuela-bicentenario-para-el-buen-inicio-del-ano-escolar\/","title":{"rendered":"UGEL 04 RECIBE SEGUNDA ESCUELA BICENTENARIO PARA EL BUEN INICIO DEL A\u00d1O ESCOLAR"},"content":{"rendered":"\n[et_pb_section fb_built=\u00bb1&#8243; theme_builder_area=\u00bbpost_content\u00bb _builder_version=\u00bb4.27.4&#8243; _module_preset=\u00bbdefault\u00bb da_is_popup=\u00bboff\u00bb da_exit_intent=\u00bboff\u00bb da_has_close=\u00bbon\u00bb da_alt_close=\u00bboff\u00bb da_dark_close=\u00bboff\u00bb da_not_modal=\u00bbon\u00bb da_is_singular=\u00bboff\u00bb da_with_loader=\u00bboff\u00bb da_has_shadow=\u00bbon\u00bb da_disable_devices=\u00bboff|off|off\u00bb][et_pb_row _builder_version=\u00bb4.27.4&#8243; _module_preset=\u00bbdefault\u00bb theme_builder_area=\u00bbpost_content\u00bb][et_pb_column _builder_version=\u00bb4.27.4&#8243; _module_preset=\u00bbdefault\u00bb type=\u00bb4_4&#8243; theme_builder_area=\u00bbpost_content\u00bb][et_pb_text _builder_version=\u00bb4.27.4&#8243; _module_preset=\u00bbdefault\u00bb theme_builder_area=\u00bbpost_content\u00bb hover_enabled=\u00bb0&#8243; sticky_enabled=\u00bb0&#8243;]<p><strong>En un acto trascendental para la comunidad educativa de Comas, la directora de la UGEL 04, Nelly Cunza Pr\u00edncipe, junto al director de la IE 2100 Juan Velasco Alvarado, recibi\u00f3 oficialmente las llaves de la nueva y moderna infraestructura educativa, entregada por los representantes del Proyecto Especial de Inversi\u00f3n P\u00fablica Escuelas Bicentenario (PEIP). Esta obra, totalmente equipada, beneficiar\u00e1 a m\u00e1s de 1,000 estudiantes de nivel primario desde el primer d\u00eda del a\u00f1o escolar 2025.<\/strong><\/p>\n<p>La entrega de la nueva sede, que fue demolida en su totalidad para dar paso a una construcci\u00f3n innovadora y sostenible, se oficializ\u00f3 con la firma del documento de toma de control de infraestructura. Esta moderna instituci\u00f3n educativa se ha dise\u00f1ado para brindar un servicio integral con ambientes innovadores, seguros y accesibles para todos, incluyendo rampas y se\u00f1alizaci\u00f3n podot\u00e1ctil para personas con discapacidad visual.<\/p>\n<p>\u00abEsta infraestructura representa un hito en la educaci\u00f3n de nuestra jurisdicci\u00f3n. Nos llena de orgullo saber que nuestros estudiantes contar\u00e1n con un colegio de primer nivel, con aulas de innovaci\u00f3n, laboratorios, biblioteca, talleres, campos deportivos y mobiliario de vanguardia. Esto es un claro ejemplo de nuestro compromiso con la mejora de la educaci\u00f3n p\u00fablica\u00bb, destac\u00f3 la directora de la UGEL 04, Nelly Cunza Pr\u00edncipe.<\/p>\n<p>Durante la emotiva ceremonia, docentes, padres de familia y autoridades locales expresaron su satisfacci\u00f3n por esta importante mejora en las condiciones de ense\u00f1anza y aprendizaje. Con esta entrega, la IE 2100 Juan Velasco Alvarado se convierte en el segundo Colegio Bicentenario entregado en la jurisdicci\u00f3n de la UGEL 04, consolidando as\u00ed el avance en infraestructura educativa en beneficio de la ni\u00f1ez y juventud de la comunidad<\/p>[\/et_pb_text][\/et_pb_column][\/et_pb_row][\/et_pb_section]\n","protected":false},"excerpt":{"rendered":"<p>En un acto trascendental para la comunidad educativa de Comas, la directora de la UGEL 04, Nelly Cunza Pr\u00edncipe, junto al director de la IE 2100 Juan Velasco Alvarado, recibi\u00f3 [&hellip;]<\/p>\n","protected":false},"author":1,"featured_media":258638,"comment_status":"closed","ping_status":"open","sticky":false,"template":"","format":"standard","meta":{"_et_pb_use_builder":"on","_et_pb_old_content":"","_et_gb_content_width":"","footnotes":""},"categories":[10],"tags":[],"class_list":["post-258635","post","type-post","status-publish","format-standard","has-post-thumbnail","hentry","category-noticias"],"_links":{"self":[{"href":"https:\/\/ugel04.gob.pe\/home\/wp-json\/wp\/v2\/posts\/258635","targetHints":{"allow":["GET"]}}],"collection":[{"href":"https:\/\/ugel04.gob.pe\/home\/wp-json\/wp\/v2\/posts"}],"about":[{"href":"https:\/\/ugel04.gob.pe\/home\/wp-json\/wp\/v2\/types\/post"}],"author":[{"embeddable":true,"href":"https:\/\/ugel04.gob.pe\/home\/wp-json\/wp\/v2\/users\/1"}],"replies":[{"embeddable":true,"href":"https:\/\/ugel04.gob.pe\/home\/wp-json\/wp\/v2\/comments?post=258635"}],"version-history":[{"count":3,"href":"https:\/\/ugel04.gob.pe\/home\/wp-json\/wp\/v2\/posts\/258635\/revisions"}],"predecessor-version":[{"id":258639,"href":"https:\/\/ugel04.gob.pe\/home\/wp-json\/wp\/v2\/posts\/258635\/revisions\/258639"}],"wp:featuredmedia":[{"embeddable":true,"href":"https:\/\/ugel04.gob.pe\/home\/wp-json\/wp\/v2\/media\/258638"}],"wp:attachment":[{"href":"https:\/\/ugel04.gob.pe\/home\/wp-json\/wp\/v2\/media?parent=258635"}],"wp:term":[{"taxonomy":"category","embeddable":true,"href":"https:\/\/ugel04.gob.pe\/home\/wp-json\/wp\/v2\/categories?post=258635"},{"taxonomy":"post_tag","embeddable":true,"href":"https:\/\/ugel04.gob.pe\/home\/wp-json\/wp\/v2\/tags?post=258635"}],"curies":[{"name":"wp","href":"https:\/\/api.w.org\/{rel}","templated":true}]}}